{"id":23612,"date":"2016-09-19T11:00:00","date_gmt":"2016-09-19T09:00:00","guid":{"rendered":"https:\/\/www.armandotesta.it\/te-vist-lantonio-per-cercare-volontari-croce-verde-a-p-m-milano-si-affida-ad-armando-testa\/"},"modified":"2024-06-04T15:38:40","modified_gmt":"2024-06-04T13:38:40","slug":"te-vist-lantonio-per-cercare-volontari-croce-verde-a-p-m-milano-si-affida-ad-armando-testa","status":"publish","type":"post","link":"https:\/\/www.armandotesta.it\/it\/te-vist-lantonio-per-cercare-volontari-croce-verde-a-p-m-milano-si-affida-ad-armando-testa\/","title":{"rendered":"&#8220;T\u2019\u00c8 VIST L\u2019ANTONIO?\u201d PER CERCARE VOLONTARI, CROCE VERDE A.P.M. MILANO SI AFFIDA AD ARMANDO TESTA."},"content":{"rendered":"<p>Croce Verde A.P.M. \u00e8 un&#8217;istituzione puramente umanitaria, radicata nel territorio della citt\u00e0. \u00c8 la pi\u00f9 antica di Milano, nata nel lontano 1899, quando gli interventi di primo soccorso ai cittadini erano demandati a volontari dal buon cuore e dalle forti braccia.<\/p>  <p>Ma anche chi aiuta ha bisogno di aiuto. <\/p>  <p>Ed ecco che Croce Verde A.P.M. si \u00e8 rivolta all&#8217;agenzia <strong>Armando Testa<\/strong> per una campagna no profit di ricerca di volontari \u201cdi giorno\u201d.<\/p>  <p>A differenza di quelli notturni, che sono per la maggior parte giovani e studenti, questi devono operare di giorno, \u201csenza sirene\u201d. E sono soprattutto pensionati attivi che si vogliono dar da fare per aiutare gli altri.<\/p>  <p>Per questo \u00e8 nata una campagna di reclutamento profilata proprio per loro. L&#8217;agenzia Armando Testa ha dato vita a un personaggio tipicamente milanese chiamato \u201cl&#8217;Antonio\u201d che a un certo punto sparisce dai soliti posti&#8230; Quali posti? Quelli dove normalmente si trovano le persone in pensione, e cio\u00e8 al campo da bocce, al bar con gli amici, in balera, o anche a guardare i lavori in corso&#8230;<\/p>  <p>Tutti i suoi amici si chiedono -anche in milanese- <strong>\u201cdov&#8217;\u00e8 finito l&#8217;Antonio?\u201d<\/strong>. Ma niente paura. Chi teme il peggio \u00e8 presto tranquillizzato: l&#8217;Antonio sta donando molto del suo tempo ad aiutare gli altri.<\/p>  <p>Il film \u00e8 stato prodotto dalla casa di produzione <strong>Filmgood <\/strong>di Pierangelo Spina<strong> <\/strong>con la regia di <strong>Igor Borghi<\/strong>.<\/p>      <p>La musica utilizzata \u00e8 la canzone popolare milanese \u201cLa bella lava al fosso\u201d riorchestrata da Ferdinando Arn\u00f2 di <strong>quietplease!<\/strong><\/p>  <p>La campagna prevede oltre al film in onda sulle reti locali, anche delle locandine nei punti di maggior interesse del target e una campagna su Facebook che \u00e8 il social network pi\u00f9 amato dagli over 60 con un tempo dedicato che \u00e8 in continua ascesa.<\/p>    <p><strong> <\/strong><\/p>  <p><strong> <\/strong><\/p>  <p><strong> <\/strong><\/p>  <p><strong> <\/strong><\/p>  <p><strong>Credits<\/strong><\/p>    <p>AGENZIA \u2013 <strong>Armando Testa<\/strong><\/p>    <p>DIREZIONE CREATIVA \u2013<strong> Vincenzo Celli, Dario Anania<\/strong><\/p>  <p>ART DIRECTOR \u2013 <strong>Laura Sironi<\/strong><\/p>  <p>COPYWRITER \u2013 <strong>Emanuele Accurli<\/strong><\/p>    <p>ACCOUNT \u2013 <strong>Sofia Coen<\/strong><\/p>    <p>CASA DI PRODUZIONE \u2013 <strong>Filmgood<\/strong><\/p>  <p>REGIA \u2013 <strong>Igor Borghi<\/strong><\/p>\n\n<ul class=\"wp-block-gallery columns-1 is-cropped wp-block-gallery-1 is-layout-flex wp-block-gallery-is-layout-flex\">\n<li class=\"blocks-gallery-item\">\n  <figure>\n  <a href=\"https:\/\/newsroom.armandotesta.it\/\/wp-content\/uploads\/2019\/03\/226197-antonio-fb7721-original-1475502472.jpg\">\n <img decoding=\"async\" src=\"https:\/\/newsroom.armandotesta.it\/\/wp-content\/uploads\/2019\/03\/226197-antonio-fb7721-original-1475502472.jpg\" \n         alt=\"\" \n      data-link=\"https:\/\/newsroom.armandotesta.it\/\/wp-content\/uploads\/2019\/03\/226197-antonio-fb7721-original-1475502472.jpg\" \n       class=\"td-modal-image\"\/>\n  <\/a>\n  <\/figure>\n <\/li><li class=\"blocks-gallery-item\">\n <figure>\n  <a href=\"https:\/\/newsroom.armandotesta.it\/\/wp-content\/uploads\/2019\/03\/226196-volontari-d92077-original-1475502224.jpg\">\n   <img decoding=\"async\" src=\"https:\/\/newsroom.armandotesta.it\/\/wp-content\/uploads\/2019\/03\/226196-volontari-d92077-original-1475502224.jpg\" \n       alt=\"\" \n      data-link=\"https:\/\/newsroom.armandotesta.it\/\/wp-content\/uploads\/2019\/03\/226196-volontari-d92077-original-1475502224.jpg\" \n     class=\"td-modal-image\"\/>\n  <\/a>\n  <\/figure>\n <\/li><\/ul>\n\n\n<figure class=\"wp-block-embed-youtube wp-block-embed is-type-video is-provider-youtube wp-embed-aspect-16-9 wp-has-aspect-ratio\"><div class=\"wp-block-embed__wrapper\">\n<iframe loading=\"lazy\" title=\"Croce Verde APM Milano\" width=\"500\" height=\"281\" src=\"https:\/\/www.youtube.com\/embed\/lOzGgdv5DDM?feature=oembed\" frameborder=\"0\" allow=\"accelerometer; autoplay; clipboard-write; encrypted-media; gyroscope; picture-in-picture; web-share\" referrerpolicy=\"strict-origin-when-cross-origin\" allowfullscreen><\/iframe>\n<\/div>\n<\/figure>\n","protected":false},"excerpt":{"rendered":"<p>Croce Verde A.P.M. si \u00e8 rivolta all&#8217;agenzia Armando Testa per una campagna no profit di ricerca di volontari \u201cdi giorno\u201d.<\/p>\n","protected":false},"author":1,"featured_media":19681,"comment_status":"closed","ping_status":"closed","sticky":false,"template":"","format":"standard","meta":{"_acf_changed":false,"inline_featured_image":false,"footnotes":""},"categories":[],"tags":[],"class_list":["post-23612","post","type-post","status-publish","format-standard","has-post-thumbnail","hentry"],"acf":false,"yoast_head":"<!-- This site is optimized with the Yoast SEO plugin v27.5 - https:\/\/yoast.com\/product\/yoast-seo-wordpress\/ -->\n<title>&quot;T\u2019\u00c8 VIST L\u2019ANTONIO?\u201d PER CERCARE VOLONTARI, CROCE VERDE A.P.M. MILANO SI AFFIDA AD ARMANDO TESTA. - Armando Testa<\/title>\n<meta name=\"robots\" content=\"index, follow, max-snippet:-1, max-image-preview:large, max-video-preview:-1\" \/>\n<link rel=\"canonical\" href=\"https:\/\/www.armandotesta.it\/it\/te-vist-lantonio-per-cercare-volontari-croce-verde-a-p-m-milano-si-affida-ad-armando-testa\/\" \/>\n<meta property=\"og:locale\" content=\"it_IT\" \/>\n<meta property=\"og:type\" content=\"article\" \/>\n<meta property=\"og:title\" content=\"&quot;T\u2019\u00c8 VIST L\u2019ANTONIO?\u201d PER CERCARE VOLONTARI, CROCE VERDE A.P.M. MILANO SI AFFIDA AD ARMANDO TESTA. - Armando Testa\" \/>\n<meta property=\"og:description\" content=\"Croce Verde A.P.M. si \u00e8 rivolta all&#039;agenzia Armando Testa per una campagna no profit di ricerca di volontari \u201cdi giorno\u201d.\" \/>\n<meta property=\"og:url\" content=\"https:\/\/www.armandotesta.it\/it\/te-vist-lantonio-per-cercare-volontari-croce-verde-a-p-m-milano-si-affida-ad-armando-testa\/\" \/>\n<meta property=\"og:site_name\" content=\"Armando Testa\" \/>\n<meta property=\"article:published_time\" content=\"2016-09-19T09:00:00+00:00\" \/>\n<meta property=\"article:modified_time\" content=\"2024-06-04T13:38:40+00:00\" \/>\n<meta property=\"og:image\" content=\"https:\/\/www.armandotesta.it\/wp-content\/uploads\/2024\/06\/226197-antonio-fb7721-original-1475502472-scaled.jpg\" \/>\n\t<meta property=\"og:image:width\" content=\"2560\" \/>\n\t<meta property=\"og:image:height\" content=\"1438\" \/>\n\t<meta property=\"og:image:type\" content=\"image\/jpeg\" \/>\n<meta name=\"author\" content=\"admAT\" \/>\n<meta name=\"twitter:card\" content=\"summary_large_image\" \/>\n<meta name=\"twitter:label1\" content=\"Scritto da\" \/>\n\t<meta name=\"twitter:data1\" content=\"admAT\" \/>\n\t<meta name=\"twitter:label2\" content=\"Tempo di lettura stimato\" \/>\n\t<meta name=\"twitter:data2\" content=\"2 minuti\" \/>\n<script type=\"application\/ld+json\" class=\"yoast-schema-graph\">{\"@context\":\"https:\\\/\\\/schema.org\",\"@graph\":[{\"@type\":\"Article\",\"@id\":\"https:\\\/\\\/www.armandotesta.it\\\/it\\\/te-vist-lantonio-per-cercare-volontari-croce-verde-a-p-m-milano-si-affida-ad-armando-testa\\\/#article\",\"isPartOf\":{\"@id\":\"https:\\\/\\\/www.armandotesta.it\\\/it\\\/te-vist-lantonio-per-cercare-volontari-croce-verde-a-p-m-milano-si-affida-ad-armando-testa\\\/\"},\"author\":{\"name\":\"admAT\",\"@id\":\"https:\\\/\\\/www.armandotesta.it\\\/it\\\/#\\\/schema\\\/person\\\/46d1d2d167e5f7b857761f0d5183a848\"},\"headline\":\"&#8220;T\u2019\u00c8 VIST L\u2019ANTONIO?\u201d PER CERCARE VOLONTARI, CROCE VERDE A.P.M. MILANO SI AFFIDA AD ARMANDO TESTA.\",\"datePublished\":\"2016-09-19T09:00:00+00:00\",\"dateModified\":\"2024-06-04T13:38:40+00:00\",\"mainEntityOfPage\":{\"@id\":\"https:\\\/\\\/www.armandotesta.it\\\/it\\\/te-vist-lantonio-per-cercare-volontari-croce-verde-a-p-m-milano-si-affida-ad-armando-testa\\\/\"},\"wordCount\":339,\"publisher\":{\"@id\":\"https:\\\/\\\/www.armandotesta.it\\\/it\\\/#organization\"},\"image\":{\"@id\":\"https:\\\/\\\/www.armandotesta.it\\\/it\\\/te-vist-lantonio-per-cercare-volontari-croce-verde-a-p-m-milano-si-affida-ad-armando-testa\\\/#primaryimage\"},\"thumbnailUrl\":\"https:\\\/\\\/www.armandotesta.it\\\/wp-content\\\/uploads\\\/2024\\\/06\\\/226197-antonio-fb7721-original-1475502472-scaled.jpg\",\"inLanguage\":\"it-IT\"},{\"@type\":\"WebPage\",\"@id\":\"https:\\\/\\\/www.armandotesta.it\\\/it\\\/te-vist-lantonio-per-cercare-volontari-croce-verde-a-p-m-milano-si-affida-ad-armando-testa\\\/\",\"url\":\"https:\\\/\\\/www.armandotesta.it\\\/it\\\/te-vist-lantonio-per-cercare-volontari-croce-verde-a-p-m-milano-si-affida-ad-armando-testa\\\/\",\"name\":\"\\\"T\u2019\u00c8 VIST L\u2019ANTONIO?\u201d PER CERCARE VOLONTARI, CROCE VERDE A.P.M. MILANO SI AFFIDA AD ARMANDO TESTA. - Armando Testa\",\"isPartOf\":{\"@id\":\"https:\\\/\\\/www.armandotesta.it\\\/it\\\/#website\"},\"primaryImageOfPage\":{\"@id\":\"https:\\\/\\\/www.armandotesta.it\\\/it\\\/te-vist-lantonio-per-cercare-volontari-croce-verde-a-p-m-milano-si-affida-ad-armando-testa\\\/#primaryimage\"},\"image\":{\"@id\":\"https:\\\/\\\/www.armandotesta.it\\\/it\\\/te-vist-lantonio-per-cercare-volontari-croce-verde-a-p-m-milano-si-affida-ad-armando-testa\\\/#primaryimage\"},\"thumbnailUrl\":\"https:\\\/\\\/www.armandotesta.it\\\/wp-content\\\/uploads\\\/2024\\\/06\\\/226197-antonio-fb7721-original-1475502472-scaled.jpg\",\"datePublished\":\"2016-09-19T09:00:00+00:00\",\"dateModified\":\"2024-06-04T13:38:40+00:00\",\"breadcrumb\":{\"@id\":\"https:\\\/\\\/www.armandotesta.it\\\/it\\\/te-vist-lantonio-per-cercare-volontari-croce-verde-a-p-m-milano-si-affida-ad-armando-testa\\\/#breadcrumb\"},\"inLanguage\":\"it-IT\",\"potentialAction\":[{\"@type\":\"ReadAction\",\"target\":[\"https:\\\/\\\/www.armandotesta.it\\\/it\\\/te-vist-lantonio-per-cercare-volontari-croce-verde-a-p-m-milano-si-affida-ad-armando-testa\\\/\"]}]},{\"@type\":\"ImageObject\",\"inLanguage\":\"it-IT\",\"@id\":\"https:\\\/\\\/www.armandotesta.it\\\/it\\\/te-vist-lantonio-per-cercare-volontari-croce-verde-a-p-m-milano-si-affida-ad-armando-testa\\\/#primaryimage\",\"url\":\"https:\\\/\\\/www.armandotesta.it\\\/wp-content\\\/uploads\\\/2024\\\/06\\\/226197-antonio-fb7721-original-1475502472-scaled.jpg\",\"contentUrl\":\"https:\\\/\\\/www.armandotesta.it\\\/wp-content\\\/uploads\\\/2024\\\/06\\\/226197-antonio-fb7721-original-1475502472-scaled.jpg\",\"width\":2560,\"height\":1438},{\"@type\":\"BreadcrumbList\",\"@id\":\"https:\\\/\\\/www.armandotesta.it\\\/it\\\/te-vist-lantonio-per-cercare-volontari-croce-verde-a-p-m-milano-si-affida-ad-armando-testa\\\/#breadcrumb\",\"itemListElement\":[{\"@type\":\"ListItem\",\"position\":1,\"name\":\"Home\",\"item\":\"https:\\\/\\\/www.armandotesta.it\\\/it\\\/\"},{\"@type\":\"ListItem\",\"position\":2,\"name\":\"&#8220;T\u2019\u00c8 VIST L\u2019ANTONIO?\u201d PER CERCARE VOLONTARI, CROCE VERDE A.P.M. MILANO SI AFFIDA AD ARMANDO TESTA.\"}]},{\"@type\":\"WebSite\",\"@id\":\"https:\\\/\\\/www.armandotesta.it\\\/it\\\/#website\",\"url\":\"https:\\\/\\\/www.armandotesta.it\\\/it\\\/\",\"name\":\"Armando Testa\",\"description\":\"\",\"publisher\":{\"@id\":\"https:\\\/\\\/www.armandotesta.it\\\/it\\\/#organization\"},\"potentialAction\":[{\"@type\":\"SearchAction\",\"target\":{\"@type\":\"EntryPoint\",\"urlTemplate\":\"https:\\\/\\\/www.armandotesta.it\\\/it\\\/?s={search_term_string}\"},\"query-input\":{\"@type\":\"PropertyValueSpecification\",\"valueRequired\":true,\"valueName\":\"search_term_string\"}}],\"inLanguage\":\"it-IT\"},{\"@type\":\"Organization\",\"@id\":\"https:\\\/\\\/www.armandotesta.it\\\/it\\\/#organization\",\"name\":\"Armando Testa\",\"url\":\"https:\\\/\\\/www.armandotesta.it\\\/it\\\/\",\"logo\":{\"@type\":\"ImageObject\",\"inLanguage\":\"it-IT\",\"@id\":\"https:\\\/\\\/www.armandotesta.it\\\/it\\\/#\\\/schema\\\/logo\\\/image\\\/\",\"url\":\"https:\\\/\\\/www.armandotesta.it\\\/wp-content\\\/uploads\\\/2024\\\/01\\\/logo-at.png\",\"contentUrl\":\"https:\\\/\\\/www.armandotesta.it\\\/wp-content\\\/uploads\\\/2024\\\/01\\\/logo-at.png\",\"width\":200,\"height\":200,\"caption\":\"Armando Testa\"},\"image\":{\"@id\":\"https:\\\/\\\/www.armandotesta.it\\\/it\\\/#\\\/schema\\\/logo\\\/image\\\/\"}},{\"@type\":\"Person\",\"@id\":\"https:\\\/\\\/www.armandotesta.it\\\/it\\\/#\\\/schema\\\/person\\\/46d1d2d167e5f7b857761f0d5183a848\",\"name\":\"admAT\",\"image\":{\"@type\":\"ImageObject\",\"inLanguage\":\"it-IT\",\"@id\":\"https:\\\/\\\/secure.gravatar.com\\\/avatar\\\/9772e708d87105ee06ea2e627102fade92688c33bb2e0083a7a18b56280f7239?s=96&d=mm&r=g\",\"url\":\"https:\\\/\\\/secure.gravatar.com\\\/avatar\\\/9772e708d87105ee06ea2e627102fade92688c33bb2e0083a7a18b56280f7239?s=96&d=mm&r=g\",\"contentUrl\":\"https:\\\/\\\/secure.gravatar.com\\\/avatar\\\/9772e708d87105ee06ea2e627102fade92688c33bb2e0083a7a18b56280f7239?s=96&d=mm&r=g\",\"caption\":\"admAT\"},\"sameAs\":[\"https:\\\/\\\/www.armandotesta.it\"],\"url\":\"https:\\\/\\\/www.armandotesta.it\\\/it\\\/author\\\/admat\\\/\"}]}<\/script>\n<!-- \/ Yoast SEO plugin. -->","yoast_head_json":{"title":"\"T\u2019\u00c8 VIST L\u2019ANTONIO?\u201d PER CERCARE VOLONTARI, CROCE VERDE A.P.M. MILANO SI AFFIDA AD ARMANDO TESTA. - Armando Testa","robots":{"index":"index","follow":"follow","max-snippet":"max-snippet:-1","max-image-preview":"max-image-preview:large","max-video-preview":"max-video-preview:-1"},"canonical":"https:\/\/www.armandotesta.it\/it\/te-vist-lantonio-per-cercare-volontari-croce-verde-a-p-m-milano-si-affida-ad-armando-testa\/","og_locale":"it_IT","og_type":"article","og_title":"\"T\u2019\u00c8 VIST L\u2019ANTONIO?\u201d PER CERCARE VOLONTARI, CROCE VERDE A.P.M. MILANO SI AFFIDA AD ARMANDO TESTA. - Armando Testa","og_description":"Croce Verde A.P.M. si \u00e8 rivolta all'agenzia Armando Testa per una campagna no profit di ricerca di volontari \u201cdi giorno\u201d.","og_url":"https:\/\/www.armandotesta.it\/it\/te-vist-lantonio-per-cercare-volontari-croce-verde-a-p-m-milano-si-affida-ad-armando-testa\/","og_site_name":"Armando Testa","article_published_time":"2016-09-19T09:00:00+00:00","article_modified_time":"2024-06-04T13:38:40+00:00","og_image":[{"width":2560,"height":1438,"url":"https:\/\/www.armandotesta.it\/wp-content\/uploads\/2024\/06\/226197-antonio-fb7721-original-1475502472-scaled.jpg","type":"image\/jpeg"}],"author":"admAT","twitter_card":"summary_large_image","twitter_misc":{"Scritto da":"admAT","Tempo di lettura stimato":"2 minuti"},"schema":{"@context":"https:\/\/schema.org","@graph":[{"@type":"Article","@id":"https:\/\/www.armandotesta.it\/it\/te-vist-lantonio-per-cercare-volontari-croce-verde-a-p-m-milano-si-affida-ad-armando-testa\/#article","isPartOf":{"@id":"https:\/\/www.armandotesta.it\/it\/te-vist-lantonio-per-cercare-volontari-croce-verde-a-p-m-milano-si-affida-ad-armando-testa\/"},"author":{"name":"admAT","@id":"https:\/\/www.armandotesta.it\/it\/#\/schema\/person\/46d1d2d167e5f7b857761f0d5183a848"},"headline":"&#8220;T\u2019\u00c8 VIST L\u2019ANTONIO?\u201d PER CERCARE VOLONTARI, CROCE VERDE A.P.M. MILANO SI AFFIDA AD ARMANDO TESTA.","datePublished":"2016-09-19T09:00:00+00:00","dateModified":"2024-06-04T13:38:40+00:00","mainEntityOfPage":{"@id":"https:\/\/www.armandotesta.it\/it\/te-vist-lantonio-per-cercare-volontari-croce-verde-a-p-m-milano-si-affida-ad-armando-testa\/"},"wordCount":339,"publisher":{"@id":"https:\/\/www.armandotesta.it\/it\/#organization"},"image":{"@id":"https:\/\/www.armandotesta.it\/it\/te-vist-lantonio-per-cercare-volontari-croce-verde-a-p-m-milano-si-affida-ad-armando-testa\/#primaryimage"},"thumbnailUrl":"https:\/\/www.armandotesta.it\/wp-content\/uploads\/2024\/06\/226197-antonio-fb7721-original-1475502472-scaled.jpg","inLanguage":"it-IT"},{"@type":"WebPage","@id":"https:\/\/www.armandotesta.it\/it\/te-vist-lantonio-per-cercare-volontari-croce-verde-a-p-m-milano-si-affida-ad-armando-testa\/","url":"https:\/\/www.armandotesta.it\/it\/te-vist-lantonio-per-cercare-volontari-croce-verde-a-p-m-milano-si-affida-ad-armando-testa\/","name":"\"T\u2019\u00c8 VIST L\u2019ANTONIO?\u201d PER CERCARE VOLONTARI, CROCE VERDE A.P.M. MILANO SI AFFIDA AD ARMANDO TESTA. - Armando Testa","isPartOf":{"@id":"https:\/\/www.armandotesta.it\/it\/#website"},"primaryImageOfPage":{"@id":"https:\/\/www.armandotesta.it\/it\/te-vist-lantonio-per-cercare-volontari-croce-verde-a-p-m-milano-si-affida-ad-armando-testa\/#primaryimage"},"image":{"@id":"https:\/\/www.armandotesta.it\/it\/te-vist-lantonio-per-cercare-volontari-croce-verde-a-p-m-milano-si-affida-ad-armando-testa\/#primaryimage"},"thumbnailUrl":"https:\/\/www.armandotesta.it\/wp-content\/uploads\/2024\/06\/226197-antonio-fb7721-original-1475502472-scaled.jpg","datePublished":"2016-09-19T09:00:00+00:00","dateModified":"2024-06-04T13:38:40+00:00","breadcrumb":{"@id":"https:\/\/www.armandotesta.it\/it\/te-vist-lantonio-per-cercare-volontari-croce-verde-a-p-m-milano-si-affida-ad-armando-testa\/#breadcrumb"},"inLanguage":"it-IT","potentialAction":[{"@type":"ReadAction","target":["https:\/\/www.armandotesta.it\/it\/te-vist-lantonio-per-cercare-volontari-croce-verde-a-p-m-milano-si-affida-ad-armando-testa\/"]}]},{"@type":"ImageObject","inLanguage":"it-IT","@id":"https:\/\/www.armandotesta.it\/it\/te-vist-lantonio-per-cercare-volontari-croce-verde-a-p-m-milano-si-affida-ad-armando-testa\/#primaryimage","url":"https:\/\/www.armandotesta.it\/wp-content\/uploads\/2024\/06\/226197-antonio-fb7721-original-1475502472-scaled.jpg","contentUrl":"https:\/\/www.armandotesta.it\/wp-content\/uploads\/2024\/06\/226197-antonio-fb7721-original-1475502472-scaled.jpg","width":2560,"height":1438},{"@type":"BreadcrumbList","@id":"https:\/\/www.armandotesta.it\/it\/te-vist-lantonio-per-cercare-volontari-croce-verde-a-p-m-milano-si-affida-ad-armando-testa\/#breadcrumb","itemListElement":[{"@type":"ListItem","position":1,"name":"Home","item":"https:\/\/www.armandotesta.it\/it\/"},{"@type":"ListItem","position":2,"name":"&#8220;T\u2019\u00c8 VIST L\u2019ANTONIO?\u201d PER CERCARE VOLONTARI, CROCE VERDE A.P.M. MILANO SI AFFIDA AD ARMANDO TESTA."}]},{"@type":"WebSite","@id":"https:\/\/www.armandotesta.it\/it\/#website","url":"https:\/\/www.armandotesta.it\/it\/","name":"Armando Testa","description":"","publisher":{"@id":"https:\/\/www.armandotesta.it\/it\/#organization"},"potentialAction":[{"@type":"SearchAction","target":{"@type":"EntryPoint","urlTemplate":"https:\/\/www.armandotesta.it\/it\/?s={search_term_string}"},"query-input":{"@type":"PropertyValueSpecification","valueRequired":true,"valueName":"search_term_string"}}],"inLanguage":"it-IT"},{"@type":"Organization","@id":"https:\/\/www.armandotesta.it\/it\/#organization","name":"Armando Testa","url":"https:\/\/www.armandotesta.it\/it\/","logo":{"@type":"ImageObject","inLanguage":"it-IT","@id":"https:\/\/www.armandotesta.it\/it\/#\/schema\/logo\/image\/","url":"https:\/\/www.armandotesta.it\/wp-content\/uploads\/2024\/01\/logo-at.png","contentUrl":"https:\/\/www.armandotesta.it\/wp-content\/uploads\/2024\/01\/logo-at.png","width":200,"height":200,"caption":"Armando Testa"},"image":{"@id":"https:\/\/www.armandotesta.it\/it\/#\/schema\/logo\/image\/"}},{"@type":"Person","@id":"https:\/\/www.armandotesta.it\/it\/#\/schema\/person\/46d1d2d167e5f7b857761f0d5183a848","name":"admAT","image":{"@type":"ImageObject","inLanguage":"it-IT","@id":"https:\/\/secure.gravatar.com\/avatar\/9772e708d87105ee06ea2e627102fade92688c33bb2e0083a7a18b56280f7239?s=96&d=mm&r=g","url":"https:\/\/secure.gravatar.com\/avatar\/9772e708d87105ee06ea2e627102fade92688c33bb2e0083a7a18b56280f7239?s=96&d=mm&r=g","contentUrl":"https:\/\/secure.gravatar.com\/avatar\/9772e708d87105ee06ea2e627102fade92688c33bb2e0083a7a18b56280f7239?s=96&d=mm&r=g","caption":"admAT"},"sameAs":["https:\/\/www.armandotesta.it"],"url":"https:\/\/www.armandotesta.it\/it\/author\/admat\/"}]}},"_links":{"self":[{"href":"https:\/\/www.armandotesta.it\/it\/wp-json\/wp\/v2\/posts\/23612","targetHints":{"allow":["GET"]}}],"collection":[{"href":"https:\/\/www.armandotesta.it\/it\/wp-json\/wp\/v2\/posts"}],"about":[{"href":"https:\/\/www.armandotesta.it\/it\/wp-json\/wp\/v2\/types\/post"}],"author":[{"embeddable":true,"href":"https:\/\/www.armandotesta.it\/it\/wp-json\/wp\/v2\/users\/1"}],"replies":[{"embeddable":true,"href":"https:\/\/www.armandotesta.it\/it\/wp-json\/wp\/v2\/comments?post=23612"}],"version-history":[{"count":1,"href":"https:\/\/www.armandotesta.it\/it\/wp-json\/wp\/v2\/posts\/23612\/revisions"}],"predecessor-version":[{"id":25050,"href":"https:\/\/www.armandotesta.it\/it\/wp-json\/wp\/v2\/posts\/23612\/revisions\/25050"}],"wp:featuredmedia":[{"embeddable":true,"href":"https:\/\/www.armandotesta.it\/it\/wp-json\/wp\/v2\/media\/19681"}],"wp:attachment":[{"href":"https:\/\/www.armandotesta.it\/it\/wp-json\/wp\/v2\/media?parent=23612"}],"wp:term":[{"taxonomy":"category","embeddable":true,"href":"https:\/\/www.armandotesta.it\/it\/wp-json\/wp\/v2\/categories?post=23612"},{"taxonomy":"post_tag","embeddable":true,"href":"https:\/\/www.armandotesta.it\/it\/wp-json\/wp\/v2\/tags?post=23612"}],"curies":[{"name":"wp","href":"https:\/\/api.w.org\/{rel}","templated":true}]}}