{"id":23542,"date":"2017-01-10T12:00:00","date_gmt":"2017-01-10T11:00:00","guid":{"rendered":"https:\/\/www.armandotesta.it\/armando-testa-insieme-a-perugina-per-ricucire-la-ferita-del-terremoto-in-umbria\/"},"modified":"2024-06-04T15:38:28","modified_gmt":"2024-06-04T13:38:28","slug":"armando-testa-insieme-a-perugina-per-ricucire-la-ferita-del-terremoto-in-umbria","status":"publish","type":"post","link":"https:\/\/www.armandotesta.it\/it\/armando-testa-insieme-a-perugina-per-ricucire-la-ferita-del-terremoto-in-umbria\/","title":{"rendered":"ARMANDO TESTA INSIEME A PERUGINA PER RICUCIRE LA FERITA DEL TERREMOTO IN UMBRIA."},"content":{"rendered":"<p>Nella piana di Castelluccio di Norcia, uno dei borghi pi\u00f9 antichi e belli d&#8217;Italia, il terremoto ha aperto una cicatrice che corre nella strada, negli edifici, nelle attivit\u00e0 lavorative. <strong>Perugina<\/strong>, cos\u00ec legata a questo territorio, non poteva restare a guardare.<\/p>    <p>\u00c8 nato cos\u00ec il progetto <strong><i>#RinascitaCastelluccio<\/i><\/strong><i> <\/i>che ha trovato subito l&#8217;appoggio istituzionale della <strong>Regione Umbria <\/strong>e del <strong>Ministero delle Politiche Agricole Alimentari e Forestali.<\/strong><\/p>    <p><strong>Armando<\/strong> <strong>Testa<\/strong> ha studiato e approntato rapidamente una piattaforma di crowdfunding (<a href=\"http:\/\/www.rinascitacastelluccio.it\">www.rinascitacastelluccio.it<\/a><u> <\/u>sul portale WithYouWeDo di TIM) per la costruzione di un <strong>Villaggio per le Attivit\u00e0 Produttive ed Economiche, <\/strong>per la ripresa sociale, culturale, ambientale, turistica ed economica di Castelluccio. <\/p>    <p><strong>Perugina<\/strong> si \u00e8 impegnata a dare la massima visibilit\u00e0 attraverso una campagna di comunicazione multicanale per parlare a coloro che hanno a cuore il cuore dell\u2019Italia.<\/p>    <p>Il concept di campagna, anche questo studiato da<strong> Armando Testa, <\/strong>ha come immagine una cicatrice, che ricorda i solchi naturali del terreno, ma anche lo sfregio che ha subito il territorio. Un solco, una ferita che si rimargina proprio grazie alla famosa fioritura della piana di Castelluccio. Perch\u00e9 ogni ferita pu\u00f2 essere lenita ritrovando il bello.<\/p>    <p><i>\u201cLa cicatrice del terremoto non \u00e8 solo nella terra e negli edifici di Castelluccio di Norcia, ma anche nel nostro cuore e nel cuore di tutti gli Italiani <strong>-dice Nicola Belli, consigliere Armando Testa-<\/strong> per questo ci \u00e8 sembrato non solo naturale, ma anzi, doveroso, offrire a Perugina, nostro cliente storico, tutto l&#8217;appoggio e il know how maturato, per fare qualcosa di concreto, come la costituzione di una piattaforma online, oltre alla normale comunicazione del progetto.\u201d<\/i><\/p>  <p><i> <\/i><\/p>      <p>Castelluccio deve rinascere pi\u00f9 bella di prima. Con i suoi colori. Con la collaborazione di tutti. Perch\u00e9 \u00e8 patrimonio di tutti. <\/p>    <p><a href=\"http:\/\/www.rinascitacastelluccio.it\">www.rinascitacastelluccio.it<\/a><\/p>  <p><a href=\"http:\/\/www.perugina.com\">www.perugina.com<\/a><\/p>      <p>CREDITS<\/p>    <p>Agenzia: ARMANDO TESTA<\/p>  <p><br \/> Team creativo: Vincenzo Celli (copy), Cristina Macchi (art)<\/p>    <p>Account director: Loredana Ambrogi <\/p>    Supporto tecnologico: WithYouWeDo powered by TIM e Starteed\n\n<ul class=\"wp-block-gallery columns-1 is-cropped wp-block-gallery-1 is-layout-flex wp-block-gallery-is-layout-flex\">\n<li class=\"blocks-gallery-item\">\n    <figure>\n  <a href=\"https:\/\/newsroom.armandotesta.it\/\/wp-content\/uploads\/2019\/03\/234281-Castelluccio-281193-original-1484755014.jpg\">\n    <img decoding=\"async\" src=\"https:\/\/newsroom.armandotesta.it\/\/wp-content\/uploads\/2019\/03\/234281-Castelluccio-281193-original-1484755014.jpg\" \n        alt=\"\" \n      data-link=\"https:\/\/newsroom.armandotesta.it\/\/wp-content\/uploads\/2019\/03\/234281-Castelluccio-281193-original-1484755014.jpg\" \n      class=\"td-modal-image\"\/>\n  <\/a>\n  <\/figure>\n <\/li><\/ul>\n","protected":false},"excerpt":{"rendered":"<p>Nella piana di Castelluccio di Norcia, uno dei borghi pi\u00f9 antichi e belli d&#8217;Italia, il terremoto ha aperto una cicatrice che corre nella strada, negli edifici, nelle attivit\u00e0 lavorative. Perugina, cos\u00ec legata a questo territorio, non poteva restare a guardare.<\/p>\n","protected":false},"author":1,"featured_media":19641,"comment_status":"closed","ping_status":"closed","sticky":false,"template":"","format":"standard","meta":{"_acf_changed":false,"inline_featured_image":false,"footnotes":""},"categories":[],"tags":[],"class_list":["post-23542","post","type-post","status-publish","format-standard","has-post-thumbnail","hentry"],"acf":false,"yoast_head":"<!-- This site is optimized with the Yoast SEO plugin v27.5 - https:\/\/yoast.com\/product\/yoast-seo-wordpress\/ -->\n<title>ARMANDO TESTA INSIEME A PERUGINA PER RICUCIRE LA FERITA DEL TERREMOTO IN UMBRIA. - Armando Testa<\/title>\n<meta name=\"robots\" content=\"index, follow, max-snippet:-1, max-image-preview:large, max-video-preview:-1\" \/>\n<link rel=\"canonical\" href=\"https:\/\/www.armandotesta.it\/it\/armando-testa-insieme-a-perugina-per-ricucire-la-ferita-del-terremoto-in-umbria\/\" \/>\n<meta property=\"og:locale\" content=\"it_IT\" \/>\n<meta property=\"og:type\" content=\"article\" \/>\n<meta property=\"og:title\" content=\"ARMANDO TESTA INSIEME A PERUGINA PER RICUCIRE LA FERITA DEL TERREMOTO IN UMBRIA. - Armando Testa\" \/>\n<meta property=\"og:description\" content=\"Nella piana di Castelluccio di Norcia, uno dei borghi pi\u00f9 antichi e belli d&#039;Italia, il terremoto ha aperto una cicatrice che corre nella strada, negli edifici, nelle attivit\u00e0 lavorative. Perugina, cos\u00ec legata a questo territorio, non poteva restare a guardare.\" \/>\n<meta property=\"og:url\" content=\"https:\/\/www.armandotesta.it\/it\/armando-testa-insieme-a-perugina-per-ricucire-la-ferita-del-terremoto-in-umbria\/\" \/>\n<meta property=\"og:site_name\" content=\"Armando Testa\" \/>\n<meta property=\"article:published_time\" content=\"2017-01-10T11:00:00+00:00\" \/>\n<meta property=\"article:modified_time\" content=\"2024-06-04T13:38:28+00:00\" \/>\n<meta property=\"og:image\" content=\"https:\/\/www.armandotesta.it\/wp-content\/uploads\/2024\/06\/234281-Castelluccio-281193-original-1484755014.jpg\" \/>\n\t<meta property=\"og:image:width\" content=\"1300\" \/>\n\t<meta property=\"og:image:height\" content=\"1890\" \/>\n\t<meta property=\"og:image:type\" content=\"image\/jpeg\" \/>\n<meta name=\"author\" content=\"admAT\" \/>\n<meta name=\"twitter:card\" content=\"summary_large_image\" \/>\n<meta name=\"twitter:label1\" content=\"Scritto da\" \/>\n\t<meta name=\"twitter:data1\" content=\"admAT\" \/>\n\t<meta name=\"twitter:label2\" content=\"Tempo di lettura stimato\" \/>\n\t<meta name=\"twitter:data2\" content=\"2 minuti\" \/>\n<script type=\"application\/ld+json\" class=\"yoast-schema-graph\">{\"@context\":\"https:\\\/\\\/schema.org\",\"@graph\":[{\"@type\":\"Article\",\"@id\":\"https:\\\/\\\/www.armandotesta.it\\\/it\\\/armando-testa-insieme-a-perugina-per-ricucire-la-ferita-del-terremoto-in-umbria\\\/#article\",\"isPartOf\":{\"@id\":\"https:\\\/\\\/www.armandotesta.it\\\/it\\\/armando-testa-insieme-a-perugina-per-ricucire-la-ferita-del-terremoto-in-umbria\\\/\"},\"author\":{\"name\":\"admAT\",\"@id\":\"https:\\\/\\\/www.armandotesta.it\\\/it\\\/#\\\/schema\\\/person\\\/46d1d2d167e5f7b857761f0d5183a848\"},\"headline\":\"ARMANDO TESTA INSIEME A PERUGINA PER RICUCIRE LA FERITA DEL TERREMOTO IN UMBRIA.\",\"datePublished\":\"2017-01-10T11:00:00+00:00\",\"dateModified\":\"2024-06-04T13:38:28+00:00\",\"mainEntityOfPage\":{\"@id\":\"https:\\\/\\\/www.armandotesta.it\\\/it\\\/armando-testa-insieme-a-perugina-per-ricucire-la-ferita-del-terremoto-in-umbria\\\/\"},\"wordCount\":327,\"publisher\":{\"@id\":\"https:\\\/\\\/www.armandotesta.it\\\/it\\\/#organization\"},\"image\":{\"@id\":\"https:\\\/\\\/www.armandotesta.it\\\/it\\\/armando-testa-insieme-a-perugina-per-ricucire-la-ferita-del-terremoto-in-umbria\\\/#primaryimage\"},\"thumbnailUrl\":\"https:\\\/\\\/www.armandotesta.it\\\/wp-content\\\/uploads\\\/2024\\\/06\\\/234281-Castelluccio-281193-original-1484755014.jpg\",\"inLanguage\":\"it-IT\"},{\"@type\":\"WebPage\",\"@id\":\"https:\\\/\\\/www.armandotesta.it\\\/it\\\/armando-testa-insieme-a-perugina-per-ricucire-la-ferita-del-terremoto-in-umbria\\\/\",\"url\":\"https:\\\/\\\/www.armandotesta.it\\\/it\\\/armando-testa-insieme-a-perugina-per-ricucire-la-ferita-del-terremoto-in-umbria\\\/\",\"name\":\"ARMANDO TESTA INSIEME A PERUGINA PER RICUCIRE LA FERITA DEL TERREMOTO IN UMBRIA. - Armando Testa\",\"isPartOf\":{\"@id\":\"https:\\\/\\\/www.armandotesta.it\\\/it\\\/#website\"},\"primaryImageOfPage\":{\"@id\":\"https:\\\/\\\/www.armandotesta.it\\\/it\\\/armando-testa-insieme-a-perugina-per-ricucire-la-ferita-del-terremoto-in-umbria\\\/#primaryimage\"},\"image\":{\"@id\":\"https:\\\/\\\/www.armandotesta.it\\\/it\\\/armando-testa-insieme-a-perugina-per-ricucire-la-ferita-del-terremoto-in-umbria\\\/#primaryimage\"},\"thumbnailUrl\":\"https:\\\/\\\/www.armandotesta.it\\\/wp-content\\\/uploads\\\/2024\\\/06\\\/234281-Castelluccio-281193-original-1484755014.jpg\",\"datePublished\":\"2017-01-10T11:00:00+00:00\",\"dateModified\":\"2024-06-04T13:38:28+00:00\",\"breadcrumb\":{\"@id\":\"https:\\\/\\\/www.armandotesta.it\\\/it\\\/armando-testa-insieme-a-perugina-per-ricucire-la-ferita-del-terremoto-in-umbria\\\/#breadcrumb\"},\"inLanguage\":\"it-IT\",\"potentialAction\":[{\"@type\":\"ReadAction\",\"target\":[\"https:\\\/\\\/www.armandotesta.it\\\/it\\\/armando-testa-insieme-a-perugina-per-ricucire-la-ferita-del-terremoto-in-umbria\\\/\"]}]},{\"@type\":\"ImageObject\",\"inLanguage\":\"it-IT\",\"@id\":\"https:\\\/\\\/www.armandotesta.it\\\/it\\\/armando-testa-insieme-a-perugina-per-ricucire-la-ferita-del-terremoto-in-umbria\\\/#primaryimage\",\"url\":\"https:\\\/\\\/www.armandotesta.it\\\/wp-content\\\/uploads\\\/2024\\\/06\\\/234281-Castelluccio-281193-original-1484755014.jpg\",\"contentUrl\":\"https:\\\/\\\/www.armandotesta.it\\\/wp-content\\\/uploads\\\/2024\\\/06\\\/234281-Castelluccio-281193-original-1484755014.jpg\",\"width\":1300,\"height\":1890},{\"@type\":\"BreadcrumbList\",\"@id\":\"https:\\\/\\\/www.armandotesta.it\\\/it\\\/armando-testa-insieme-a-perugina-per-ricucire-la-ferita-del-terremoto-in-umbria\\\/#breadcrumb\",\"itemListElement\":[{\"@type\":\"ListItem\",\"position\":1,\"name\":\"Home\",\"item\":\"https:\\\/\\\/www.armandotesta.it\\\/it\\\/\"},{\"@type\":\"ListItem\",\"position\":2,\"name\":\"ARMANDO TESTA INSIEME A PERUGINA PER RICUCIRE LA FERITA DEL TERREMOTO IN UMBRIA.\"}]},{\"@type\":\"WebSite\",\"@id\":\"https:\\\/\\\/www.armandotesta.it\\\/it\\\/#website\",\"url\":\"https:\\\/\\\/www.armandotesta.it\\\/it\\\/\",\"name\":\"Armando Testa\",\"description\":\"\",\"publisher\":{\"@id\":\"https:\\\/\\\/www.armandotesta.it\\\/it\\\/#organization\"},\"potentialAction\":[{\"@type\":\"SearchAction\",\"target\":{\"@type\":\"EntryPoint\",\"urlTemplate\":\"https:\\\/\\\/www.armandotesta.it\\\/it\\\/?s={search_term_string}\"},\"query-input\":{\"@type\":\"PropertyValueSpecification\",\"valueRequired\":true,\"valueName\":\"search_term_string\"}}],\"inLanguage\":\"it-IT\"},{\"@type\":\"Organization\",\"@id\":\"https:\\\/\\\/www.armandotesta.it\\\/it\\\/#organization\",\"name\":\"Armando Testa\",\"url\":\"https:\\\/\\\/www.armandotesta.it\\\/it\\\/\",\"logo\":{\"@type\":\"ImageObject\",\"inLanguage\":\"it-IT\",\"@id\":\"https:\\\/\\\/www.armandotesta.it\\\/it\\\/#\\\/schema\\\/logo\\\/image\\\/\",\"url\":\"https:\\\/\\\/www.armandotesta.it\\\/wp-content\\\/uploads\\\/2024\\\/01\\\/logo-at.png\",\"contentUrl\":\"https:\\\/\\\/www.armandotesta.it\\\/wp-content\\\/uploads\\\/2024\\\/01\\\/logo-at.png\",\"width\":200,\"height\":200,\"caption\":\"Armando Testa\"},\"image\":{\"@id\":\"https:\\\/\\\/www.armandotesta.it\\\/it\\\/#\\\/schema\\\/logo\\\/image\\\/\"}},{\"@type\":\"Person\",\"@id\":\"https:\\\/\\\/www.armandotesta.it\\\/it\\\/#\\\/schema\\\/person\\\/46d1d2d167e5f7b857761f0d5183a848\",\"name\":\"admAT\",\"image\":{\"@type\":\"ImageObject\",\"inLanguage\":\"it-IT\",\"@id\":\"https:\\\/\\\/secure.gravatar.com\\\/avatar\\\/9772e708d87105ee06ea2e627102fade92688c33bb2e0083a7a18b56280f7239?s=96&d=mm&r=g\",\"url\":\"https:\\\/\\\/secure.gravatar.com\\\/avatar\\\/9772e708d87105ee06ea2e627102fade92688c33bb2e0083a7a18b56280f7239?s=96&d=mm&r=g\",\"contentUrl\":\"https:\\\/\\\/secure.gravatar.com\\\/avatar\\\/9772e708d87105ee06ea2e627102fade92688c33bb2e0083a7a18b56280f7239?s=96&d=mm&r=g\",\"caption\":\"admAT\"},\"sameAs\":[\"https:\\\/\\\/www.armandotesta.it\"],\"url\":\"https:\\\/\\\/www.armandotesta.it\\\/it\\\/author\\\/admat\\\/\"}]}<\/script>\n<!-- \/ Yoast SEO plugin. -->","yoast_head_json":{"title":"ARMANDO TESTA INSIEME A PERUGINA PER RICUCIRE LA FERITA DEL TERREMOTO IN UMBRIA. - Armando Testa","robots":{"index":"index","follow":"follow","max-snippet":"max-snippet:-1","max-image-preview":"max-image-preview:large","max-video-preview":"max-video-preview:-1"},"canonical":"https:\/\/www.armandotesta.it\/it\/armando-testa-insieme-a-perugina-per-ricucire-la-ferita-del-terremoto-in-umbria\/","og_locale":"it_IT","og_type":"article","og_title":"ARMANDO TESTA INSIEME A PERUGINA PER RICUCIRE LA FERITA DEL TERREMOTO IN UMBRIA. - Armando Testa","og_description":"Nella piana di Castelluccio di Norcia, uno dei borghi pi\u00f9 antichi e belli d'Italia, il terremoto ha aperto una cicatrice che corre nella strada, negli edifici, nelle attivit\u00e0 lavorative. Perugina, cos\u00ec legata a questo territorio, non poteva restare a guardare.","og_url":"https:\/\/www.armandotesta.it\/it\/armando-testa-insieme-a-perugina-per-ricucire-la-ferita-del-terremoto-in-umbria\/","og_site_name":"Armando Testa","article_published_time":"2017-01-10T11:00:00+00:00","article_modified_time":"2024-06-04T13:38:28+00:00","og_image":[{"width":1300,"height":1890,"url":"https:\/\/www.armandotesta.it\/wp-content\/uploads\/2024\/06\/234281-Castelluccio-281193-original-1484755014.jpg","type":"image\/jpeg"}],"author":"admAT","twitter_card":"summary_large_image","twitter_misc":{"Scritto da":"admAT","Tempo di lettura stimato":"2 minuti"},"schema":{"@context":"https:\/\/schema.org","@graph":[{"@type":"Article","@id":"https:\/\/www.armandotesta.it\/it\/armando-testa-insieme-a-perugina-per-ricucire-la-ferita-del-terremoto-in-umbria\/#article","isPartOf":{"@id":"https:\/\/www.armandotesta.it\/it\/armando-testa-insieme-a-perugina-per-ricucire-la-ferita-del-terremoto-in-umbria\/"},"author":{"name":"admAT","@id":"https:\/\/www.armandotesta.it\/it\/#\/schema\/person\/46d1d2d167e5f7b857761f0d5183a848"},"headline":"ARMANDO TESTA INSIEME A PERUGINA PER RICUCIRE LA FERITA DEL TERREMOTO IN UMBRIA.","datePublished":"2017-01-10T11:00:00+00:00","dateModified":"2024-06-04T13:38:28+00:00","mainEntityOfPage":{"@id":"https:\/\/www.armandotesta.it\/it\/armando-testa-insieme-a-perugina-per-ricucire-la-ferita-del-terremoto-in-umbria\/"},"wordCount":327,"publisher":{"@id":"https:\/\/www.armandotesta.it\/it\/#organization"},"image":{"@id":"https:\/\/www.armandotesta.it\/it\/armando-testa-insieme-a-perugina-per-ricucire-la-ferita-del-terremoto-in-umbria\/#primaryimage"},"thumbnailUrl":"https:\/\/www.armandotesta.it\/wp-content\/uploads\/2024\/06\/234281-Castelluccio-281193-original-1484755014.jpg","inLanguage":"it-IT"},{"@type":"WebPage","@id":"https:\/\/www.armandotesta.it\/it\/armando-testa-insieme-a-perugina-per-ricucire-la-ferita-del-terremoto-in-umbria\/","url":"https:\/\/www.armandotesta.it\/it\/armando-testa-insieme-a-perugina-per-ricucire-la-ferita-del-terremoto-in-umbria\/","name":"ARMANDO TESTA INSIEME A PERUGINA PER RICUCIRE LA FERITA DEL TERREMOTO IN UMBRIA. - Armando Testa","isPartOf":{"@id":"https:\/\/www.armandotesta.it\/it\/#website"},"primaryImageOfPage":{"@id":"https:\/\/www.armandotesta.it\/it\/armando-testa-insieme-a-perugina-per-ricucire-la-ferita-del-terremoto-in-umbria\/#primaryimage"},"image":{"@id":"https:\/\/www.armandotesta.it\/it\/armando-testa-insieme-a-perugina-per-ricucire-la-ferita-del-terremoto-in-umbria\/#primaryimage"},"thumbnailUrl":"https:\/\/www.armandotesta.it\/wp-content\/uploads\/2024\/06\/234281-Castelluccio-281193-original-1484755014.jpg","datePublished":"2017-01-10T11:00:00+00:00","dateModified":"2024-06-04T13:38:28+00:00","breadcrumb":{"@id":"https:\/\/www.armandotesta.it\/it\/armando-testa-insieme-a-perugina-per-ricucire-la-ferita-del-terremoto-in-umbria\/#breadcrumb"},"inLanguage":"it-IT","potentialAction":[{"@type":"ReadAction","target":["https:\/\/www.armandotesta.it\/it\/armando-testa-insieme-a-perugina-per-ricucire-la-ferita-del-terremoto-in-umbria\/"]}]},{"@type":"ImageObject","inLanguage":"it-IT","@id":"https:\/\/www.armandotesta.it\/it\/armando-testa-insieme-a-perugina-per-ricucire-la-ferita-del-terremoto-in-umbria\/#primaryimage","url":"https:\/\/www.armandotesta.it\/wp-content\/uploads\/2024\/06\/234281-Castelluccio-281193-original-1484755014.jpg","contentUrl":"https:\/\/www.armandotesta.it\/wp-content\/uploads\/2024\/06\/234281-Castelluccio-281193-original-1484755014.jpg","width":1300,"height":1890},{"@type":"BreadcrumbList","@id":"https:\/\/www.armandotesta.it\/it\/armando-testa-insieme-a-perugina-per-ricucire-la-ferita-del-terremoto-in-umbria\/#breadcrumb","itemListElement":[{"@type":"ListItem","position":1,"name":"Home","item":"https:\/\/www.armandotesta.it\/it\/"},{"@type":"ListItem","position":2,"name":"ARMANDO TESTA INSIEME A PERUGINA PER RICUCIRE LA FERITA DEL TERREMOTO IN UMBRIA."}]},{"@type":"WebSite","@id":"https:\/\/www.armandotesta.it\/it\/#website","url":"https:\/\/www.armandotesta.it\/it\/","name":"Armando Testa","description":"","publisher":{"@id":"https:\/\/www.armandotesta.it\/it\/#organization"},"potentialAction":[{"@type":"SearchAction","target":{"@type":"EntryPoint","urlTemplate":"https:\/\/www.armandotesta.it\/it\/?s={search_term_string}"},"query-input":{"@type":"PropertyValueSpecification","valueRequired":true,"valueName":"search_term_string"}}],"inLanguage":"it-IT"},{"@type":"Organization","@id":"https:\/\/www.armandotesta.it\/it\/#organization","name":"Armando Testa","url":"https:\/\/www.armandotesta.it\/it\/","logo":{"@type":"ImageObject","inLanguage":"it-IT","@id":"https:\/\/www.armandotesta.it\/it\/#\/schema\/logo\/image\/","url":"https:\/\/www.armandotesta.it\/wp-content\/uploads\/2024\/01\/logo-at.png","contentUrl":"https:\/\/www.armandotesta.it\/wp-content\/uploads\/2024\/01\/logo-at.png","width":200,"height":200,"caption":"Armando Testa"},"image":{"@id":"https:\/\/www.armandotesta.it\/it\/#\/schema\/logo\/image\/"}},{"@type":"Person","@id":"https:\/\/www.armandotesta.it\/it\/#\/schema\/person\/46d1d2d167e5f7b857761f0d5183a848","name":"admAT","image":{"@type":"ImageObject","inLanguage":"it-IT","@id":"https:\/\/secure.gravatar.com\/avatar\/9772e708d87105ee06ea2e627102fade92688c33bb2e0083a7a18b56280f7239?s=96&d=mm&r=g","url":"https:\/\/secure.gravatar.com\/avatar\/9772e708d87105ee06ea2e627102fade92688c33bb2e0083a7a18b56280f7239?s=96&d=mm&r=g","contentUrl":"https:\/\/secure.gravatar.com\/avatar\/9772e708d87105ee06ea2e627102fade92688c33bb2e0083a7a18b56280f7239?s=96&d=mm&r=g","caption":"admAT"},"sameAs":["https:\/\/www.armandotesta.it"],"url":"https:\/\/www.armandotesta.it\/it\/author\/admat\/"}]}},"_links":{"self":[{"href":"https:\/\/www.armandotesta.it\/it\/wp-json\/wp\/v2\/posts\/23542","targetHints":{"allow":["GET"]}}],"collection":[{"href":"https:\/\/www.armandotesta.it\/it\/wp-json\/wp\/v2\/posts"}],"about":[{"href":"https:\/\/www.armandotesta.it\/it\/wp-json\/wp\/v2\/types\/post"}],"author":[{"embeddable":true,"href":"https:\/\/www.armandotesta.it\/it\/wp-json\/wp\/v2\/users\/1"}],"replies":[{"embeddable":true,"href":"https:\/\/www.armandotesta.it\/it\/wp-json\/wp\/v2\/comments?post=23542"}],"version-history":[{"count":1,"href":"https:\/\/www.armandotesta.it\/it\/wp-json\/wp\/v2\/posts\/23542\/revisions"}],"predecessor-version":[{"id":25030,"href":"https:\/\/www.armandotesta.it\/it\/wp-json\/wp\/v2\/posts\/23542\/revisions\/25030"}],"wp:featuredmedia":[{"embeddable":true,"href":"https:\/\/www.armandotesta.it\/it\/wp-json\/wp\/v2\/media\/19641"}],"wp:attachment":[{"href":"https:\/\/www.armandotesta.it\/it\/wp-json\/wp\/v2\/media?parent=23542"}],"wp:term":[{"taxonomy":"category","embeddable":true,"href":"https:\/\/www.armandotesta.it\/it\/wp-json\/wp\/v2\/categories?post=23542"},{"taxonomy":"post_tag","embeddable":true,"href":"https:\/\/www.armandotesta.it\/it\/wp-json\/wp\/v2\/tags?post=23542"}],"curies":[{"name":"wp","href":"https:\/\/api.w.org\/{rel}","templated":true}]}}