{"id":23535,"date":"2017-01-30T12:00:00","date_gmt":"2017-01-30T11:00:00","guid":{"rendered":"https:\/\/www.armandotesta.it\/intesta-crea-la-nuova-identita-di-fondazione-crc\/"},"modified":"2024-06-04T15:38:27","modified_gmt":"2024-06-04T13:38:27","slug":"intesta-crea-la-nuova-identita-di-fondazione-crc","status":"publish","type":"post","link":"https:\/\/www.armandotesta.it\/it\/intesta-crea-la-nuova-identita-di-fondazione-crc\/","title":{"rendered":"INTESTA CREA LA NUOVA IDENTITA&#8217; DI FONDAZIONE CRC."},"content":{"rendered":"<p>In occasione del venticinquesimo anno di attivit\u00e0, la Fondazione CRC, Cassa di Risparmio di Cuneo, ha deciso di celebrare l\u2019importante traguardo con una nuova veste grafica. <\/p>    <p>Il nuovo progetto di identity \u00e8 stato realizzato da inTesta, agenzia del Gruppo Armando Testa specializzata in graphic design e packaging, scelta dopo una consultazione per rappresentare la nuova immagine della storica istituzione. <\/p>    <p>Da sempre impegnata nei territori del cuneese con diversi progetti, la Fondazione CRC, dal 1992, promuove iniziative legate a istruzione, solidariet\u00e0 sociale, arte, ricerca scientifica, salute pubblica e sport. <\/p>    <p>Il nuovo marchio \u00e8 stato presentato sabato 28 gennaio al Teatro Toselli di Cuneo: in quell\u2019occasione, illustri personaggi, vicini alla storia e alle iniziative della Fondazione, hanno celebrato i risultati dei primi venticinque anni di attivit\u00e0 e hanno parlato dei nuovi progetti per il futuro. <\/p>    Ed \u00e8 proprio al futuro che punta la nuova identit\u00e0, elegante e versatile, scelta per la Fondazione. Il marchio \u00e8 pensato per trasmettere un profondo senso di unione, utilizzando linee morbide, che fluiscono in continuo movimento: la precedente versione viene sintetizzata in un gioco di cerchi, che comunicano apertura al futuro e sostegno al territorio. La continuit\u00e0 con il passato \u00e8 evidente ma, oggi ancora di pi\u00f9, Fondazione CRC vuole puntare all\u2019infinito e soprattutto a Cuneo, con un approccio dinamico e sempre elegante, che si riflette perfettamente nel brand: le forme circolari, che rimandano alla \u201cC\u201d di Cuneo, guardano proprio in questa direzione. La spinta evolutiva \u00e8 resa ancora pi\u00f9 forte dalla scelta di un colore vivace e di impatto, un arancione esplosivo, proprio come lo spirito che anima Fondazione CRC.\n\n<ul class=\"wp-block-gallery columns-1 is-cropped wp-block-gallery-1 is-layout-flex wp-block-gallery-is-layout-flex\">\n<li class=\"blocks-gallery-item\">\n   <figure>\n  <a href=\"https:\/\/newsroom.armandotesta.it\/\/wp-content\/uploads\/2019\/03\/235444-FCRC_LOGO%20ARANCIO-a7c3b8-original-1485880254.jpg\">\n <img decoding=\"async\" src=\"https:\/\/newsroom.armandotesta.it\/\/wp-content\/uploads\/2019\/03\/235444-FCRC_LOGO%20ARANCIO-a7c3b8-original-1485880254.jpg\" \n         alt=\"\" \n      data-link=\"https:\/\/newsroom.armandotesta.it\/\/wp-content\/uploads\/2019\/03\/235444-FCRC_LOGO%20ARANCIO-a7c3b8-original-1485880254.jpg\" \n       class=\"td-modal-image\"\/>\n  <\/a>\n  <\/figure>\n <\/li><\/ul>\n","protected":false},"excerpt":{"rendered":"<p>In occasione del venticinquesimo anno di attivit\u00e0, la Fondazione CRC, Cassa di Risparmio di Cuneo, ha deciso di celebrare l\u2019importante traguardo con una nuova veste grafica.<\/p>\n","protected":false},"author":1,"featured_media":19635,"comment_status":"closed","ping_status":"closed","sticky":false,"template":"","format":"standard","meta":{"_acf_changed":false,"inline_featured_image":false,"footnotes":""},"categories":[],"tags":[],"class_list":["post-23535","post","type-post","status-publish","format-standard","has-post-thumbnail","hentry"],"acf":false,"yoast_head":"<!-- This site is optimized with the Yoast SEO plugin v27.5 - https:\/\/yoast.com\/product\/yoast-seo-wordpress\/ -->\n<title>INTESTA CREA LA NUOVA IDENTITA&#039; DI FONDAZIONE CRC. - Armando Testa<\/title>\n<meta name=\"robots\" content=\"index, follow, max-snippet:-1, max-image-preview:large, max-video-preview:-1\" \/>\n<link rel=\"canonical\" href=\"https:\/\/www.armandotesta.it\/it\/intesta-crea-la-nuova-identita-di-fondazione-crc\/\" \/>\n<meta property=\"og:locale\" content=\"it_IT\" \/>\n<meta property=\"og:type\" content=\"article\" \/>\n<meta property=\"og:title\" content=\"INTESTA CREA LA NUOVA IDENTITA&#039; DI FONDAZIONE CRC. - Armando Testa\" \/>\n<meta property=\"og:description\" content=\"In occasione del venticinquesimo anno di attivit\u00e0, la Fondazione CRC, Cassa di Risparmio di Cuneo, ha deciso di celebrare l\u2019importante traguardo con una nuova veste grafica.\" \/>\n<meta property=\"og:url\" content=\"https:\/\/www.armandotesta.it\/it\/intesta-crea-la-nuova-identita-di-fondazione-crc\/\" \/>\n<meta property=\"og:site_name\" content=\"Armando Testa\" \/>\n<meta property=\"article:published_time\" content=\"2017-01-30T11:00:00+00:00\" \/>\n<meta property=\"article:modified_time\" content=\"2024-06-04T13:38:27+00:00\" \/>\n<meta property=\"og:image\" content=\"https:\/\/www.armandotesta.it\/wp-content\/uploads\/2024\/06\/235444-FCRC_LOGO-ARANCIO-a7c3b8-original-1485880254.jpg\" \/>\n\t<meta property=\"og:image:width\" content=\"1537\" \/>\n\t<meta property=\"og:image:height\" content=\"840\" \/>\n\t<meta property=\"og:image:type\" content=\"image\/jpeg\" \/>\n<meta name=\"author\" content=\"admAT\" \/>\n<meta name=\"twitter:card\" content=\"summary_large_image\" \/>\n<meta name=\"twitter:label1\" content=\"Scritto da\" \/>\n\t<meta name=\"twitter:data1\" content=\"admAT\" \/>\n\t<meta name=\"twitter:label2\" content=\"Tempo di lettura stimato\" \/>\n\t<meta name=\"twitter:data2\" content=\"1 minuto\" \/>\n<script type=\"application\/ld+json\" class=\"yoast-schema-graph\">{\"@context\":\"https:\\\/\\\/schema.org\",\"@graph\":[{\"@type\":\"Article\",\"@id\":\"https:\\\/\\\/www.armandotesta.it\\\/it\\\/intesta-crea-la-nuova-identita-di-fondazione-crc\\\/#article\",\"isPartOf\":{\"@id\":\"https:\\\/\\\/www.armandotesta.it\\\/it\\\/intesta-crea-la-nuova-identita-di-fondazione-crc\\\/\"},\"author\":{\"name\":\"admAT\",\"@id\":\"https:\\\/\\\/www.armandotesta.it\\\/it\\\/#\\\/schema\\\/person\\\/46d1d2d167e5f7b857761f0d5183a848\"},\"headline\":\"INTESTA CREA LA NUOVA IDENTITA&#8217; DI FONDAZIONE CRC.\",\"datePublished\":\"2017-01-30T11:00:00+00:00\",\"dateModified\":\"2024-06-04T13:38:27+00:00\",\"mainEntityOfPage\":{\"@id\":\"https:\\\/\\\/www.armandotesta.it\\\/it\\\/intesta-crea-la-nuova-identita-di-fondazione-crc\\\/\"},\"wordCount\":267,\"publisher\":{\"@id\":\"https:\\\/\\\/www.armandotesta.it\\\/it\\\/#organization\"},\"image\":{\"@id\":\"https:\\\/\\\/www.armandotesta.it\\\/it\\\/intesta-crea-la-nuova-identita-di-fondazione-crc\\\/#primaryimage\"},\"thumbnailUrl\":\"https:\\\/\\\/www.armandotesta.it\\\/wp-content\\\/uploads\\\/2024\\\/06\\\/235444-FCRC_LOGO-ARANCIO-a7c3b8-original-1485880254.jpg\",\"inLanguage\":\"it-IT\"},{\"@type\":\"WebPage\",\"@id\":\"https:\\\/\\\/www.armandotesta.it\\\/it\\\/intesta-crea-la-nuova-identita-di-fondazione-crc\\\/\",\"url\":\"https:\\\/\\\/www.armandotesta.it\\\/it\\\/intesta-crea-la-nuova-identita-di-fondazione-crc\\\/\",\"name\":\"INTESTA CREA LA NUOVA IDENTITA' DI FONDAZIONE CRC. - Armando Testa\",\"isPartOf\":{\"@id\":\"https:\\\/\\\/www.armandotesta.it\\\/it\\\/#website\"},\"primaryImageOfPage\":{\"@id\":\"https:\\\/\\\/www.armandotesta.it\\\/it\\\/intesta-crea-la-nuova-identita-di-fondazione-crc\\\/#primaryimage\"},\"image\":{\"@id\":\"https:\\\/\\\/www.armandotesta.it\\\/it\\\/intesta-crea-la-nuova-identita-di-fondazione-crc\\\/#primaryimage\"},\"thumbnailUrl\":\"https:\\\/\\\/www.armandotesta.it\\\/wp-content\\\/uploads\\\/2024\\\/06\\\/235444-FCRC_LOGO-ARANCIO-a7c3b8-original-1485880254.jpg\",\"datePublished\":\"2017-01-30T11:00:00+00:00\",\"dateModified\":\"2024-06-04T13:38:27+00:00\",\"breadcrumb\":{\"@id\":\"https:\\\/\\\/www.armandotesta.it\\\/it\\\/intesta-crea-la-nuova-identita-di-fondazione-crc\\\/#breadcrumb\"},\"inLanguage\":\"it-IT\",\"potentialAction\":[{\"@type\":\"ReadAction\",\"target\":[\"https:\\\/\\\/www.armandotesta.it\\\/it\\\/intesta-crea-la-nuova-identita-di-fondazione-crc\\\/\"]}]},{\"@type\":\"ImageObject\",\"inLanguage\":\"it-IT\",\"@id\":\"https:\\\/\\\/www.armandotesta.it\\\/it\\\/intesta-crea-la-nuova-identita-di-fondazione-crc\\\/#primaryimage\",\"url\":\"https:\\\/\\\/www.armandotesta.it\\\/wp-content\\\/uploads\\\/2024\\\/06\\\/235444-FCRC_LOGO-ARANCIO-a7c3b8-original-1485880254.jpg\",\"contentUrl\":\"https:\\\/\\\/www.armandotesta.it\\\/wp-content\\\/uploads\\\/2024\\\/06\\\/235444-FCRC_LOGO-ARANCIO-a7c3b8-original-1485880254.jpg\",\"width\":1537,\"height\":840},{\"@type\":\"BreadcrumbList\",\"@id\":\"https:\\\/\\\/www.armandotesta.it\\\/it\\\/intesta-crea-la-nuova-identita-di-fondazione-crc\\\/#breadcrumb\",\"itemListElement\":[{\"@type\":\"ListItem\",\"position\":1,\"name\":\"Home\",\"item\":\"https:\\\/\\\/www.armandotesta.it\\\/it\\\/\"},{\"@type\":\"ListItem\",\"position\":2,\"name\":\"INTESTA CREA LA NUOVA IDENTITA&#8217; DI FONDAZIONE CRC.\"}]},{\"@type\":\"WebSite\",\"@id\":\"https:\\\/\\\/www.armandotesta.it\\\/it\\\/#website\",\"url\":\"https:\\\/\\\/www.armandotesta.it\\\/it\\\/\",\"name\":\"Armando Testa\",\"description\":\"\",\"publisher\":{\"@id\":\"https:\\\/\\\/www.armandotesta.it\\\/it\\\/#organization\"},\"potentialAction\":[{\"@type\":\"SearchAction\",\"target\":{\"@type\":\"EntryPoint\",\"urlTemplate\":\"https:\\\/\\\/www.armandotesta.it\\\/it\\\/?s={search_term_string}\"},\"query-input\":{\"@type\":\"PropertyValueSpecification\",\"valueRequired\":true,\"valueName\":\"search_term_string\"}}],\"inLanguage\":\"it-IT\"},{\"@type\":\"Organization\",\"@id\":\"https:\\\/\\\/www.armandotesta.it\\\/it\\\/#organization\",\"name\":\"Armando Testa\",\"url\":\"https:\\\/\\\/www.armandotesta.it\\\/it\\\/\",\"logo\":{\"@type\":\"ImageObject\",\"inLanguage\":\"it-IT\",\"@id\":\"https:\\\/\\\/www.armandotesta.it\\\/it\\\/#\\\/schema\\\/logo\\\/image\\\/\",\"url\":\"https:\\\/\\\/www.armandotesta.it\\\/wp-content\\\/uploads\\\/2024\\\/01\\\/logo-at.png\",\"contentUrl\":\"https:\\\/\\\/www.armandotesta.it\\\/wp-content\\\/uploads\\\/2024\\\/01\\\/logo-at.png\",\"width\":200,\"height\":200,\"caption\":\"Armando Testa\"},\"image\":{\"@id\":\"https:\\\/\\\/www.armandotesta.it\\\/it\\\/#\\\/schema\\\/logo\\\/image\\\/\"}},{\"@type\":\"Person\",\"@id\":\"https:\\\/\\\/www.armandotesta.it\\\/it\\\/#\\\/schema\\\/person\\\/46d1d2d167e5f7b857761f0d5183a848\",\"name\":\"admAT\",\"image\":{\"@type\":\"ImageObject\",\"inLanguage\":\"it-IT\",\"@id\":\"https:\\\/\\\/secure.gravatar.com\\\/avatar\\\/9772e708d87105ee06ea2e627102fade92688c33bb2e0083a7a18b56280f7239?s=96&d=mm&r=g\",\"url\":\"https:\\\/\\\/secure.gravatar.com\\\/avatar\\\/9772e708d87105ee06ea2e627102fade92688c33bb2e0083a7a18b56280f7239?s=96&d=mm&r=g\",\"contentUrl\":\"https:\\\/\\\/secure.gravatar.com\\\/avatar\\\/9772e708d87105ee06ea2e627102fade92688c33bb2e0083a7a18b56280f7239?s=96&d=mm&r=g\",\"caption\":\"admAT\"},\"sameAs\":[\"https:\\\/\\\/www.armandotesta.it\"],\"url\":\"https:\\\/\\\/www.armandotesta.it\\\/it\\\/author\\\/admat\\\/\"}]}<\/script>\n<!-- \/ Yoast SEO plugin. -->","yoast_head_json":{"title":"INTESTA CREA LA NUOVA IDENTITA' DI FONDAZIONE CRC. - Armando Testa","robots":{"index":"index","follow":"follow","max-snippet":"max-snippet:-1","max-image-preview":"max-image-preview:large","max-video-preview":"max-video-preview:-1"},"canonical":"https:\/\/www.armandotesta.it\/it\/intesta-crea-la-nuova-identita-di-fondazione-crc\/","og_locale":"it_IT","og_type":"article","og_title":"INTESTA CREA LA NUOVA IDENTITA' DI FONDAZIONE CRC. - Armando Testa","og_description":"In occasione del venticinquesimo anno di attivit\u00e0, la Fondazione CRC, Cassa di Risparmio di Cuneo, ha deciso di celebrare l\u2019importante traguardo con una nuova veste grafica.","og_url":"https:\/\/www.armandotesta.it\/it\/intesta-crea-la-nuova-identita-di-fondazione-crc\/","og_site_name":"Armando Testa","article_published_time":"2017-01-30T11:00:00+00:00","article_modified_time":"2024-06-04T13:38:27+00:00","og_image":[{"width":1537,"height":840,"url":"https:\/\/www.armandotesta.it\/wp-content\/uploads\/2024\/06\/235444-FCRC_LOGO-ARANCIO-a7c3b8-original-1485880254.jpg","type":"image\/jpeg"}],"author":"admAT","twitter_card":"summary_large_image","twitter_misc":{"Scritto da":"admAT","Tempo di lettura stimato":"1 minuto"},"schema":{"@context":"https:\/\/schema.org","@graph":[{"@type":"Article","@id":"https:\/\/www.armandotesta.it\/it\/intesta-crea-la-nuova-identita-di-fondazione-crc\/#article","isPartOf":{"@id":"https:\/\/www.armandotesta.it\/it\/intesta-crea-la-nuova-identita-di-fondazione-crc\/"},"author":{"name":"admAT","@id":"https:\/\/www.armandotesta.it\/it\/#\/schema\/person\/46d1d2d167e5f7b857761f0d5183a848"},"headline":"INTESTA CREA LA NUOVA IDENTITA&#8217; DI FONDAZIONE CRC.","datePublished":"2017-01-30T11:00:00+00:00","dateModified":"2024-06-04T13:38:27+00:00","mainEntityOfPage":{"@id":"https:\/\/www.armandotesta.it\/it\/intesta-crea-la-nuova-identita-di-fondazione-crc\/"},"wordCount":267,"publisher":{"@id":"https:\/\/www.armandotesta.it\/it\/#organization"},"image":{"@id":"https:\/\/www.armandotesta.it\/it\/intesta-crea-la-nuova-identita-di-fondazione-crc\/#primaryimage"},"thumbnailUrl":"https:\/\/www.armandotesta.it\/wp-content\/uploads\/2024\/06\/235444-FCRC_LOGO-ARANCIO-a7c3b8-original-1485880254.jpg","inLanguage":"it-IT"},{"@type":"WebPage","@id":"https:\/\/www.armandotesta.it\/it\/intesta-crea-la-nuova-identita-di-fondazione-crc\/","url":"https:\/\/www.armandotesta.it\/it\/intesta-crea-la-nuova-identita-di-fondazione-crc\/","name":"INTESTA CREA LA NUOVA IDENTITA' DI FONDAZIONE CRC. - Armando Testa","isPartOf":{"@id":"https:\/\/www.armandotesta.it\/it\/#website"},"primaryImageOfPage":{"@id":"https:\/\/www.armandotesta.it\/it\/intesta-crea-la-nuova-identita-di-fondazione-crc\/#primaryimage"},"image":{"@id":"https:\/\/www.armandotesta.it\/it\/intesta-crea-la-nuova-identita-di-fondazione-crc\/#primaryimage"},"thumbnailUrl":"https:\/\/www.armandotesta.it\/wp-content\/uploads\/2024\/06\/235444-FCRC_LOGO-ARANCIO-a7c3b8-original-1485880254.jpg","datePublished":"2017-01-30T11:00:00+00:00","dateModified":"2024-06-04T13:38:27+00:00","breadcrumb":{"@id":"https:\/\/www.armandotesta.it\/it\/intesta-crea-la-nuova-identita-di-fondazione-crc\/#breadcrumb"},"inLanguage":"it-IT","potentialAction":[{"@type":"ReadAction","target":["https:\/\/www.armandotesta.it\/it\/intesta-crea-la-nuova-identita-di-fondazione-crc\/"]}]},{"@type":"ImageObject","inLanguage":"it-IT","@id":"https:\/\/www.armandotesta.it\/it\/intesta-crea-la-nuova-identita-di-fondazione-crc\/#primaryimage","url":"https:\/\/www.armandotesta.it\/wp-content\/uploads\/2024\/06\/235444-FCRC_LOGO-ARANCIO-a7c3b8-original-1485880254.jpg","contentUrl":"https:\/\/www.armandotesta.it\/wp-content\/uploads\/2024\/06\/235444-FCRC_LOGO-ARANCIO-a7c3b8-original-1485880254.jpg","width":1537,"height":840},{"@type":"BreadcrumbList","@id":"https:\/\/www.armandotesta.it\/it\/intesta-crea-la-nuova-identita-di-fondazione-crc\/#breadcrumb","itemListElement":[{"@type":"ListItem","position":1,"name":"Home","item":"https:\/\/www.armandotesta.it\/it\/"},{"@type":"ListItem","position":2,"name":"INTESTA CREA LA NUOVA IDENTITA&#8217; DI FONDAZIONE CRC."}]},{"@type":"WebSite","@id":"https:\/\/www.armandotesta.it\/it\/#website","url":"https:\/\/www.armandotesta.it\/it\/","name":"Armando Testa","description":"","publisher":{"@id":"https:\/\/www.armandotesta.it\/it\/#organization"},"potentialAction":[{"@type":"SearchAction","target":{"@type":"EntryPoint","urlTemplate":"https:\/\/www.armandotesta.it\/it\/?s={search_term_string}"},"query-input":{"@type":"PropertyValueSpecification","valueRequired":true,"valueName":"search_term_string"}}],"inLanguage":"it-IT"},{"@type":"Organization","@id":"https:\/\/www.armandotesta.it\/it\/#organization","name":"Armando Testa","url":"https:\/\/www.armandotesta.it\/it\/","logo":{"@type":"ImageObject","inLanguage":"it-IT","@id":"https:\/\/www.armandotesta.it\/it\/#\/schema\/logo\/image\/","url":"https:\/\/www.armandotesta.it\/wp-content\/uploads\/2024\/01\/logo-at.png","contentUrl":"https:\/\/www.armandotesta.it\/wp-content\/uploads\/2024\/01\/logo-at.png","width":200,"height":200,"caption":"Armando Testa"},"image":{"@id":"https:\/\/www.armandotesta.it\/it\/#\/schema\/logo\/image\/"}},{"@type":"Person","@id":"https:\/\/www.armandotesta.it\/it\/#\/schema\/person\/46d1d2d167e5f7b857761f0d5183a848","name":"admAT","image":{"@type":"ImageObject","inLanguage":"it-IT","@id":"https:\/\/secure.gravatar.com\/avatar\/9772e708d87105ee06ea2e627102fade92688c33bb2e0083a7a18b56280f7239?s=96&d=mm&r=g","url":"https:\/\/secure.gravatar.com\/avatar\/9772e708d87105ee06ea2e627102fade92688c33bb2e0083a7a18b56280f7239?s=96&d=mm&r=g","contentUrl":"https:\/\/secure.gravatar.com\/avatar\/9772e708d87105ee06ea2e627102fade92688c33bb2e0083a7a18b56280f7239?s=96&d=mm&r=g","caption":"admAT"},"sameAs":["https:\/\/www.armandotesta.it"],"url":"https:\/\/www.armandotesta.it\/it\/author\/admat\/"}]}},"_links":{"self":[{"href":"https:\/\/www.armandotesta.it\/it\/wp-json\/wp\/v2\/posts\/23535","targetHints":{"allow":["GET"]}}],"collection":[{"href":"https:\/\/www.armandotesta.it\/it\/wp-json\/wp\/v2\/posts"}],"about":[{"href":"https:\/\/www.armandotesta.it\/it\/wp-json\/wp\/v2\/types\/post"}],"author":[{"embeddable":true,"href":"https:\/\/www.armandotesta.it\/it\/wp-json\/wp\/v2\/users\/1"}],"replies":[{"embeddable":true,"href":"https:\/\/www.armandotesta.it\/it\/wp-json\/wp\/v2\/comments?post=23535"}],"version-history":[{"count":1,"href":"https:\/\/www.armandotesta.it\/it\/wp-json\/wp\/v2\/posts\/23535\/revisions"}],"predecessor-version":[{"id":25027,"href":"https:\/\/www.armandotesta.it\/it\/wp-json\/wp\/v2\/posts\/23535\/revisions\/25027"}],"wp:featuredmedia":[{"embeddable":true,"href":"https:\/\/www.armandotesta.it\/it\/wp-json\/wp\/v2\/media\/19635"}],"wp:attachment":[{"href":"https:\/\/www.armandotesta.it\/it\/wp-json\/wp\/v2\/media?parent=23535"}],"wp:term":[{"taxonomy":"category","embeddable":true,"href":"https:\/\/www.armandotesta.it\/it\/wp-json\/wp\/v2\/categories?post=23535"},{"taxonomy":"post_tag","embeddable":true,"href":"https:\/\/www.armandotesta.it\/it\/wp-json\/wp\/v2\/tags?post=23535"}],"curies":[{"name":"wp","href":"https:\/\/api.w.org\/{rel}","templated":true}]}}