{"id":23531,"date":"2017-02-08T12:00:00","date_gmt":"2017-02-08T11:00:00","guid":{"rendered":"https:\/\/www.armandotesta.it\/baci-perugina-on-air-con-lo-spot-radio-e-tv-e-il-concorso-io-laura-per-realizzare-il-sogno-di-incontrare-laura-pausini\/"},"modified":"2024-06-04T15:38:26","modified_gmt":"2024-06-04T13:38:26","slug":"baci-perugina-on-air-con-lo-spot-radio-e-tv-e-il-concorso-io-laura-per-realizzare-il-sogno-di-incontrare-laura-pausini","status":"publish","type":"post","link":"https:\/\/www.armandotesta.it\/it\/baci-perugina-on-air-con-lo-spot-radio-e-tv-e-il-concorso-io-laura-per-realizzare-il-sogno-di-incontrare-laura-pausini\/","title":{"rendered":"BACI PERUGINA ON AIR CON LO SPOT RADIO E TV E IL CONCORSO \u201cIO &#038; LAURA\u201d PER REALIZZARE IL SOGNO DI INCONTRARE LAURA PAUSINI"},"content":{"rendered":"<p><strong><i><\/i><\/strong><i>\u201cIo cos\u00ec simile a te \/ un bacio in fronte e dopo sulle labbra \/ la meraviglia di essere simili\u201d<\/i>. <strong>\u00c8 \u201cSimili\u201d la colonna sonora di questo San Valentino firmato Baci Perugina<\/strong> che si affida a  <strong>Laura Pausini<\/strong>, icona mondiale della musica italiana, per parlare d\u2019amore attraverso le sue canzoni. E \u201cSimili\u201d \u00e8 anche la canzone scelta per lo <strong>spot di San Valentino di Baci Perugina<\/strong> on air in tv <strong>dal 9 al 13 febbraio<\/strong>. L\u2019ormai storico soggetto dei due innamorati sotto la pioggia che si scambiano un bacio appassionato \u00e8 sulle note della canzone \u201cSimili\u201d che d\u00e0 anche il titolo all\u2019undicesimo <strong>album di successo<\/strong> della cantante romagnola.  <\/p><p><strong>Baci Perugina investe sull\u2019amore<\/strong> con una campagna realizzata dall\u2019Agenzia <strong>Armando Testa<\/strong>, che da anni affianca il brand in tutte le sue attivit\u00e0 e che comprender\u00e0 non solo la tv ma anche la <strong>radio<\/strong>, on air <strong>dal 9 al 14 febbraio<\/strong>, e il <strong>digital<\/strong> con banner dedicati e video dello spot <strong>dal 10 al 13 febbraio<\/strong>. Immancabile anche il coinvolgimento di <strong>Spotify<\/strong>, canale prediletto per chi ama la musica. <\/p>  <p>File rouge della campagna \u00e8 il brano di Laura Pausini \u201cSimili\u201d, che fa da colonna sonora a tutti i media, ispirando in particolareil gioco creativo del comunicato Radio, in cui gli innamorati della coppia sono \u201ccos\u00ec simili\u201d da completarsi a vicenda.<\/p>  <p>Ma la vera novit\u00e0 di quest\u2019anno \u00e8 il <strong>concorso di Baci Perugina<\/strong> che permetter\u00e0 a tutti i suoi consumatori di vincere un <strong>incontro speciale<\/strong> con l\u2019icona della musica italiana nel mondo,  <strong>Laura Pausini,<\/strong> grazie ad un\u2019attivit\u00e0 on line sul sito <strong>baciperugina.it<\/strong>. <strong>\u201cIo &amp; Laura\u201d<\/strong> \u00e8 infatti il contest digitale che dar\u00e0 la possibilit\u00e0 di completare con la propria vena romantica gli <strong>incipit d\u2019amore di Laura Pausini contenuti negli speciali cartigli firmati <i>Io e Laura Pausini<\/i><\/strong><i>. <\/i>Tutti coloro che acquisteranno una confezione \u201c<strong>Autografi d\u2019Amore<\/strong>\u201d e troveranno un cartiglio <i>Io e Laura Pausini <\/i><strong>potranno completare<\/strong>, tramite sito, <strong>una delle 10 fasi della collezione<\/strong> e <strong>partecipare al concorso<\/strong>. Verranno estratti a sorte <strong>3 vincitori<\/strong> che avranno la possibilit\u00e0 di portare con s\u00e9 un accompagnatore nel viaggio dei sogni alla conoscenza del loro idolo.<\/p>  <p><strong>Baci Perugina<\/strong> ha anche lanciato un <strong>hashtag ufficiale<\/strong> che racchiude tutte le sfumature dell\u2019intero progetto sanvalentiniano, mettendo al centro i suoi consumatori. <strong>#ioelaura<\/strong> \u00e8 prima di tutto sintesi di un <strong>gesto da condividere in due<\/strong>, \u00e8 passione per la propria <strong>musica preferita<\/strong>, \u00e8 <strong>sentirsi parte di un progetto<\/strong>, quello d\u2019amore di <strong>Baci Perugina<\/strong> che quest\u2019anno si affida a <strong>Laura Pausini<\/strong>, star internazionale che ha fatto dell\u2019amore il suo punto di forza.<\/p>    <p>Credits (Radio \u2013 Tv):<\/p>  <p>AGENZIA : Armando Testa Spa<br \/> ART DIRECTOR: Cristina Macchi<br \/> COPYWRITER: Caterina Calabr\u00f2<br \/> SERVIZIO CLIENTI: Loredana Ambrogi, Federica Bruno<br \/> POST PRODUZIONE e RADIO: Proxima Milano Srl<br \/> SOUNDTRACK: Simili &#8211; Laura Pausini<\/p>  <p>Ufficio stampa: Found!<\/p>  <p><strong>Contact:<\/strong><\/p>  <p><strong>Found!<br \/> <\/strong>Rossella Digiacomo<br \/> <a href=\"mailto:rossella.digiacomo@foundcomunicazione.com\">rossella.digiacomo@foundcomunicazione.com<\/a><br \/> Stefania Ghezzi<br \/> <a href=\"mailto:stefania.ghezzi@foundcomunicazione.com\">stefania.ghezzi@foundcomunicazione.com<\/a><br \/> 02 20404212<\/p>  <p><strong>Nestl\u00e9 Italiana<\/strong><br \/> Barbara Desario<br \/> barbara.desario@it.nestle.com<br \/> 02 8181 7809<\/p>  <p><strong>Nestl\u00e9 digital:<br \/> <\/strong><a href=\"http:\/\/www.nestle.it\">www.nestle.it<\/a> &#8211; <a href=\"http:\/\/www.buonalavita.it\">www.buonalavita.it<\/a> \u2013 <a href=\"http:\/\/www.baciperugina.it\">www.baciperugina.it<\/a><br \/> Facebook: <a href=\"http:\/\/www.facebook.com\/BaciPeruginaIT\/\">www.facebook.com\/BaciPeruginaIT\/<\/a><br \/> Twitter:@baciperugina <br \/> Hashtag: #ioeLaura <\/p>\n\n<ul class=\"wp-block-gallery columns-1 is-cropped wp-block-gallery-1 is-layout-flex wp-block-gallery-is-layout-flex\">\n<li class=\"blocks-gallery-item\">\n   <figure>\n  <a href=\"https:\/\/newsroom.armandotesta.it\/\/wp-content\/uploads\/2019\/03\/236969-Laura%20Pausini_Foto%20di%20Leandro%20Manuel%20Emede-76fe60-original-1487346766.jpg\">\n    <img decoding=\"async\" src=\"https:\/\/newsroom.armandotesta.it\/\/wp-content\/uploads\/2019\/03\/236969-Laura%20Pausini_Foto%20di%20Leandro%20Manuel%20Emede-76fe60-original-1487346766.jpg\" \n        alt=\"\" \n      data-link=\"https:\/\/newsroom.armandotesta.it\/\/wp-content\/uploads\/2019\/03\/236969-Laura%20Pausini_Foto%20di%20Leandro%20Manuel%20Emede-76fe60-original-1487346766.jpg\" \n      class=\"td-modal-image\"\/>\n  <\/a>\n  <\/figure>\n <\/li><li class=\"blocks-gallery-item\">\n <figure>\n  <a href=\"https:\/\/newsroom.armandotesta.it\/\/wp-content\/uploads\/2019\/03\/236968-Baci1-fe6560-original-1487346673.jpg\">\n   <img decoding=\"async\" src=\"https:\/\/newsroom.armandotesta.it\/\/wp-content\/uploads\/2019\/03\/236968-Baci1-fe6560-original-1487346673.jpg\" \n       alt=\"\" \n      data-link=\"https:\/\/newsroom.armandotesta.it\/\/wp-content\/uploads\/2019\/03\/236968-Baci1-fe6560-original-1487346673.jpg\" \n     class=\"td-modal-image\"\/>\n  <\/a>\n  <\/figure>\n <\/li><li class=\"blocks-gallery-item\">\n <figure>\n  <a href=\"https:\/\/newsroom.armandotesta.it\/\/wp-content\/uploads\/2019\/03\/236967-Baci2-c6a901-original-1487346614.jpg\">\n   <img decoding=\"async\" src=\"https:\/\/newsroom.armandotesta.it\/\/wp-content\/uploads\/2019\/03\/236967-Baci2-c6a901-original-1487346614.jpg\" \n       alt=\"\" \n      data-link=\"https:\/\/newsroom.armandotesta.it\/\/wp-content\/uploads\/2019\/03\/236967-Baci2-c6a901-original-1487346614.jpg\" \n     class=\"td-modal-image\"\/>\n  <\/a>\n  <\/figure>\n <\/li><\/ul>\n\n\n<figure class=\"wp-block-embed-youtube wp-block-embed is-type-video is-provider-youtube wp-embed-aspect-16-9 wp-has-aspect-ratio\"><div class=\"wp-block-embed__wrapper\">\n<iframe loading=\"lazy\" title=\"Baci Perugina - San Valentino 2017\" width=\"500\" height=\"281\" src=\"https:\/\/www.youtube.com\/embed\/xMpwCpid_Qg?list=PL54wkJE4pfvURF76569EPlqeeeUVwfMd2\" frameborder=\"0\" allow=\"accelerometer; autoplay; clipboard-write; encrypted-media; gyroscope; picture-in-picture; web-share\" referrerpolicy=\"strict-origin-when-cross-origin\" allowfullscreen><\/iframe>\n<\/div>\n<\/figure>\n","protected":false},"excerpt":{"rendered":"<p>Il San Valentino di Baci Perugina incanta con la musica e le parole di Laura Pausini. Dal 9 febbraio saranno on air gli spot radio e tv, dal 6 invece partir\u00e0 il contest \u201cIo &#038; Laura\u201d<\/p>\n","protected":false},"author":1,"featured_media":19631,"comment_status":"closed","ping_status":"closed","sticky":false,"template":"","format":"standard","meta":{"_acf_changed":false,"inline_featured_image":false,"footnotes":""},"categories":[],"tags":[],"class_list":["post-23531","post","type-post","status-publish","format-standard","has-post-thumbnail","hentry"],"acf":false,"yoast_head":"<!-- This site is optimized with the Yoast SEO plugin v27.5 - https:\/\/yoast.com\/product\/yoast-seo-wordpress\/ -->\n<title>BACI PERUGINA ON AIR CON LO SPOT RADIO E TV E IL CONCORSO \u201cIO &amp; LAURA\u201d PER REALIZZARE IL SOGNO DI INCONTRARE LAURA PAUSINI - Armando Testa<\/title>\n<meta name=\"robots\" content=\"index, follow, max-snippet:-1, max-image-preview:large, max-video-preview:-1\" \/>\n<link rel=\"canonical\" href=\"https:\/\/www.armandotesta.it\/it\/baci-perugina-on-air-con-lo-spot-radio-e-tv-e-il-concorso-io-laura-per-realizzare-il-sogno-di-incontrare-laura-pausini\/\" \/>\n<meta property=\"og:locale\" content=\"it_IT\" \/>\n<meta property=\"og:type\" content=\"article\" \/>\n<meta property=\"og:title\" content=\"BACI PERUGINA ON AIR CON LO SPOT RADIO E TV E IL CONCORSO \u201cIO &amp; LAURA\u201d PER REALIZZARE IL SOGNO DI INCONTRARE LAURA PAUSINI - Armando Testa\" \/>\n<meta property=\"og:description\" content=\"Il San Valentino di Baci Perugina incanta con la musica e le parole di Laura Pausini. Dal 9 febbraio saranno on air gli spot radio e tv, dal 6 invece partir\u00e0 il contest \u201cIo &amp; Laura\u201d\" \/>\n<meta property=\"og:url\" content=\"https:\/\/www.armandotesta.it\/it\/baci-perugina-on-air-con-lo-spot-radio-e-tv-e-il-concorso-io-laura-per-realizzare-il-sogno-di-incontrare-laura-pausini\/\" \/>\n<meta property=\"og:site_name\" content=\"Armando Testa\" \/>\n<meta property=\"article:published_time\" content=\"2017-02-08T11:00:00+00:00\" \/>\n<meta property=\"article:modified_time\" content=\"2024-06-04T13:38:26+00:00\" \/>\n<meta property=\"og:image\" content=\"https:\/\/www.armandotesta.it\/wp-content\/uploads\/2024\/06\/236968-Baci1-fe6560-original-1487346673.jpg\" \/>\n\t<meta property=\"og:image:width\" content=\"1243\" \/>\n\t<meta property=\"og:image:height\" content=\"693\" \/>\n\t<meta property=\"og:image:type\" content=\"image\/jpeg\" \/>\n<meta name=\"author\" content=\"admAT\" \/>\n<meta name=\"twitter:card\" content=\"summary_large_image\" \/>\n<meta name=\"twitter:label1\" content=\"Scritto da\" \/>\n\t<meta name=\"twitter:data1\" content=\"admAT\" \/>\n\t<meta name=\"twitter:label2\" content=\"Tempo di lettura stimato\" \/>\n\t<meta name=\"twitter:data2\" content=\"3 minuti\" \/>\n<script type=\"application\/ld+json\" class=\"yoast-schema-graph\">{\"@context\":\"https:\\\/\\\/schema.org\",\"@graph\":[{\"@type\":\"Article\",\"@id\":\"https:\\\/\\\/www.armandotesta.it\\\/it\\\/baci-perugina-on-air-con-lo-spot-radio-e-tv-e-il-concorso-io-laura-per-realizzare-il-sogno-di-incontrare-laura-pausini\\\/#article\",\"isPartOf\":{\"@id\":\"https:\\\/\\\/www.armandotesta.it\\\/it\\\/baci-perugina-on-air-con-lo-spot-radio-e-tv-e-il-concorso-io-laura-per-realizzare-il-sogno-di-incontrare-laura-pausini\\\/\"},\"author\":{\"name\":\"admAT\",\"@id\":\"https:\\\/\\\/www.armandotesta.it\\\/it\\\/#\\\/schema\\\/person\\\/46d1d2d167e5f7b857761f0d5183a848\"},\"headline\":\"BACI PERUGINA ON AIR CON LO SPOT RADIO E TV E IL CONCORSO \u201cIO &#038; LAURA\u201d PER REALIZZARE IL SOGNO DI INCONTRARE LAURA PAUSINI\",\"datePublished\":\"2017-02-08T11:00:00+00:00\",\"dateModified\":\"2024-06-04T13:38:26+00:00\",\"mainEntityOfPage\":{\"@id\":\"https:\\\/\\\/www.armandotesta.it\\\/it\\\/baci-perugina-on-air-con-lo-spot-radio-e-tv-e-il-concorso-io-laura-per-realizzare-il-sogno-di-incontrare-laura-pausini\\\/\"},\"wordCount\":526,\"publisher\":{\"@id\":\"https:\\\/\\\/www.armandotesta.it\\\/it\\\/#organization\"},\"image\":{\"@id\":\"https:\\\/\\\/www.armandotesta.it\\\/it\\\/baci-perugina-on-air-con-lo-spot-radio-e-tv-e-il-concorso-io-laura-per-realizzare-il-sogno-di-incontrare-laura-pausini\\\/#primaryimage\"},\"thumbnailUrl\":\"https:\\\/\\\/www.armandotesta.it\\\/wp-content\\\/uploads\\\/2024\\\/06\\\/236968-Baci1-fe6560-original-1487346673.jpg\",\"inLanguage\":\"it-IT\"},{\"@type\":\"WebPage\",\"@id\":\"https:\\\/\\\/www.armandotesta.it\\\/it\\\/baci-perugina-on-air-con-lo-spot-radio-e-tv-e-il-concorso-io-laura-per-realizzare-il-sogno-di-incontrare-laura-pausini\\\/\",\"url\":\"https:\\\/\\\/www.armandotesta.it\\\/it\\\/baci-perugina-on-air-con-lo-spot-radio-e-tv-e-il-concorso-io-laura-per-realizzare-il-sogno-di-incontrare-laura-pausini\\\/\",\"name\":\"BACI PERUGINA ON AIR CON LO SPOT RADIO E TV E IL CONCORSO \u201cIO & LAURA\u201d PER REALIZZARE IL SOGNO DI INCONTRARE LAURA PAUSINI - Armando Testa\",\"isPartOf\":{\"@id\":\"https:\\\/\\\/www.armandotesta.it\\\/it\\\/#website\"},\"primaryImageOfPage\":{\"@id\":\"https:\\\/\\\/www.armandotesta.it\\\/it\\\/baci-perugina-on-air-con-lo-spot-radio-e-tv-e-il-concorso-io-laura-per-realizzare-il-sogno-di-incontrare-laura-pausini\\\/#primaryimage\"},\"image\":{\"@id\":\"https:\\\/\\\/www.armandotesta.it\\\/it\\\/baci-perugina-on-air-con-lo-spot-radio-e-tv-e-il-concorso-io-laura-per-realizzare-il-sogno-di-incontrare-laura-pausini\\\/#primaryimage\"},\"thumbnailUrl\":\"https:\\\/\\\/www.armandotesta.it\\\/wp-content\\\/uploads\\\/2024\\\/06\\\/236968-Baci1-fe6560-original-1487346673.jpg\",\"datePublished\":\"2017-02-08T11:00:00+00:00\",\"dateModified\":\"2024-06-04T13:38:26+00:00\",\"breadcrumb\":{\"@id\":\"https:\\\/\\\/www.armandotesta.it\\\/it\\\/baci-perugina-on-air-con-lo-spot-radio-e-tv-e-il-concorso-io-laura-per-realizzare-il-sogno-di-incontrare-laura-pausini\\\/#breadcrumb\"},\"inLanguage\":\"it-IT\",\"potentialAction\":[{\"@type\":\"ReadAction\",\"target\":[\"https:\\\/\\\/www.armandotesta.it\\\/it\\\/baci-perugina-on-air-con-lo-spot-radio-e-tv-e-il-concorso-io-laura-per-realizzare-il-sogno-di-incontrare-laura-pausini\\\/\"]}]},{\"@type\":\"ImageObject\",\"inLanguage\":\"it-IT\",\"@id\":\"https:\\\/\\\/www.armandotesta.it\\\/it\\\/baci-perugina-on-air-con-lo-spot-radio-e-tv-e-il-concorso-io-laura-per-realizzare-il-sogno-di-incontrare-laura-pausini\\\/#primaryimage\",\"url\":\"https:\\\/\\\/www.armandotesta.it\\\/wp-content\\\/uploads\\\/2024\\\/06\\\/236968-Baci1-fe6560-original-1487346673.jpg\",\"contentUrl\":\"https:\\\/\\\/www.armandotesta.it\\\/wp-content\\\/uploads\\\/2024\\\/06\\\/236968-Baci1-fe6560-original-1487346673.jpg\",\"width\":1243,\"height\":693},{\"@type\":\"BreadcrumbList\",\"@id\":\"https:\\\/\\\/www.armandotesta.it\\\/it\\\/baci-perugina-on-air-con-lo-spot-radio-e-tv-e-il-concorso-io-laura-per-realizzare-il-sogno-di-incontrare-laura-pausini\\\/#breadcrumb\",\"itemListElement\":[{\"@type\":\"ListItem\",\"position\":1,\"name\":\"Home\",\"item\":\"https:\\\/\\\/www.armandotesta.it\\\/it\\\/\"},{\"@type\":\"ListItem\",\"position\":2,\"name\":\"BACI PERUGINA ON AIR CON LO SPOT RADIO E TV E IL CONCORSO \u201cIO &#038; LAURA\u201d PER REALIZZARE IL SOGNO DI INCONTRARE LAURA PAUSINI\"}]},{\"@type\":\"WebSite\",\"@id\":\"https:\\\/\\\/www.armandotesta.it\\\/it\\\/#website\",\"url\":\"https:\\\/\\\/www.armandotesta.it\\\/it\\\/\",\"name\":\"Armando Testa\",\"description\":\"\",\"publisher\":{\"@id\":\"https:\\\/\\\/www.armandotesta.it\\\/it\\\/#organization\"},\"potentialAction\":[{\"@type\":\"SearchAction\",\"target\":{\"@type\":\"EntryPoint\",\"urlTemplate\":\"https:\\\/\\\/www.armandotesta.it\\\/it\\\/?s={search_term_string}\"},\"query-input\":{\"@type\":\"PropertyValueSpecification\",\"valueRequired\":true,\"valueName\":\"search_term_string\"}}],\"inLanguage\":\"it-IT\"},{\"@type\":\"Organization\",\"@id\":\"https:\\\/\\\/www.armandotesta.it\\\/it\\\/#organization\",\"name\":\"Armando Testa\",\"url\":\"https:\\\/\\\/www.armandotesta.it\\\/it\\\/\",\"logo\":{\"@type\":\"ImageObject\",\"inLanguage\":\"it-IT\",\"@id\":\"https:\\\/\\\/www.armandotesta.it\\\/it\\\/#\\\/schema\\\/logo\\\/image\\\/\",\"url\":\"https:\\\/\\\/www.armandotesta.it\\\/wp-content\\\/uploads\\\/2024\\\/01\\\/logo-at.png\",\"contentUrl\":\"https:\\\/\\\/www.armandotesta.it\\\/wp-content\\\/uploads\\\/2024\\\/01\\\/logo-at.png\",\"width\":200,\"height\":200,\"caption\":\"Armando Testa\"},\"image\":{\"@id\":\"https:\\\/\\\/www.armandotesta.it\\\/it\\\/#\\\/schema\\\/logo\\\/image\\\/\"}},{\"@type\":\"Person\",\"@id\":\"https:\\\/\\\/www.armandotesta.it\\\/it\\\/#\\\/schema\\\/person\\\/46d1d2d167e5f7b857761f0d5183a848\",\"name\":\"admAT\",\"image\":{\"@type\":\"ImageObject\",\"inLanguage\":\"it-IT\",\"@id\":\"https:\\\/\\\/secure.gravatar.com\\\/avatar\\\/9772e708d87105ee06ea2e627102fade92688c33bb2e0083a7a18b56280f7239?s=96&d=mm&r=g\",\"url\":\"https:\\\/\\\/secure.gravatar.com\\\/avatar\\\/9772e708d87105ee06ea2e627102fade92688c33bb2e0083a7a18b56280f7239?s=96&d=mm&r=g\",\"contentUrl\":\"https:\\\/\\\/secure.gravatar.com\\\/avatar\\\/9772e708d87105ee06ea2e627102fade92688c33bb2e0083a7a18b56280f7239?s=96&d=mm&r=g\",\"caption\":\"admAT\"},\"sameAs\":[\"https:\\\/\\\/www.armandotesta.it\"],\"url\":\"https:\\\/\\\/www.armandotesta.it\\\/it\\\/author\\\/admat\\\/\"}]}<\/script>\n<!-- \/ Yoast SEO plugin. -->","yoast_head_json":{"title":"BACI PERUGINA ON AIR CON LO SPOT RADIO E TV E IL CONCORSO \u201cIO & LAURA\u201d PER REALIZZARE IL SOGNO DI INCONTRARE LAURA PAUSINI - Armando Testa","robots":{"index":"index","follow":"follow","max-snippet":"max-snippet:-1","max-image-preview":"max-image-preview:large","max-video-preview":"max-video-preview:-1"},"canonical":"https:\/\/www.armandotesta.it\/it\/baci-perugina-on-air-con-lo-spot-radio-e-tv-e-il-concorso-io-laura-per-realizzare-il-sogno-di-incontrare-laura-pausini\/","og_locale":"it_IT","og_type":"article","og_title":"BACI PERUGINA ON AIR CON LO SPOT RADIO E TV E IL CONCORSO \u201cIO & LAURA\u201d PER REALIZZARE IL SOGNO DI INCONTRARE LAURA PAUSINI - Armando Testa","og_description":"Il San Valentino di Baci Perugina incanta con la musica e le parole di Laura Pausini. Dal 9 febbraio saranno on air gli spot radio e tv, dal 6 invece partir\u00e0 il contest \u201cIo & Laura\u201d","og_url":"https:\/\/www.armandotesta.it\/it\/baci-perugina-on-air-con-lo-spot-radio-e-tv-e-il-concorso-io-laura-per-realizzare-il-sogno-di-incontrare-laura-pausini\/","og_site_name":"Armando Testa","article_published_time":"2017-02-08T11:00:00+00:00","article_modified_time":"2024-06-04T13:38:26+00:00","og_image":[{"width":1243,"height":693,"url":"https:\/\/www.armandotesta.it\/wp-content\/uploads\/2024\/06\/236968-Baci1-fe6560-original-1487346673.jpg","type":"image\/jpeg"}],"author":"admAT","twitter_card":"summary_large_image","twitter_misc":{"Scritto da":"admAT","Tempo di lettura stimato":"3 minuti"},"schema":{"@context":"https:\/\/schema.org","@graph":[{"@type":"Article","@id":"https:\/\/www.armandotesta.it\/it\/baci-perugina-on-air-con-lo-spot-radio-e-tv-e-il-concorso-io-laura-per-realizzare-il-sogno-di-incontrare-laura-pausini\/#article","isPartOf":{"@id":"https:\/\/www.armandotesta.it\/it\/baci-perugina-on-air-con-lo-spot-radio-e-tv-e-il-concorso-io-laura-per-realizzare-il-sogno-di-incontrare-laura-pausini\/"},"author":{"name":"admAT","@id":"https:\/\/www.armandotesta.it\/it\/#\/schema\/person\/46d1d2d167e5f7b857761f0d5183a848"},"headline":"BACI PERUGINA ON AIR CON LO SPOT RADIO E TV E IL CONCORSO \u201cIO &#038; LAURA\u201d PER REALIZZARE IL SOGNO DI INCONTRARE LAURA PAUSINI","datePublished":"2017-02-08T11:00:00+00:00","dateModified":"2024-06-04T13:38:26+00:00","mainEntityOfPage":{"@id":"https:\/\/www.armandotesta.it\/it\/baci-perugina-on-air-con-lo-spot-radio-e-tv-e-il-concorso-io-laura-per-realizzare-il-sogno-di-incontrare-laura-pausini\/"},"wordCount":526,"publisher":{"@id":"https:\/\/www.armandotesta.it\/it\/#organization"},"image":{"@id":"https:\/\/www.armandotesta.it\/it\/baci-perugina-on-air-con-lo-spot-radio-e-tv-e-il-concorso-io-laura-per-realizzare-il-sogno-di-incontrare-laura-pausini\/#primaryimage"},"thumbnailUrl":"https:\/\/www.armandotesta.it\/wp-content\/uploads\/2024\/06\/236968-Baci1-fe6560-original-1487346673.jpg","inLanguage":"it-IT"},{"@type":"WebPage","@id":"https:\/\/www.armandotesta.it\/it\/baci-perugina-on-air-con-lo-spot-radio-e-tv-e-il-concorso-io-laura-per-realizzare-il-sogno-di-incontrare-laura-pausini\/","url":"https:\/\/www.armandotesta.it\/it\/baci-perugina-on-air-con-lo-spot-radio-e-tv-e-il-concorso-io-laura-per-realizzare-il-sogno-di-incontrare-laura-pausini\/","name":"BACI PERUGINA ON AIR CON LO SPOT RADIO E TV E IL CONCORSO \u201cIO & LAURA\u201d PER REALIZZARE IL SOGNO DI INCONTRARE LAURA PAUSINI - Armando Testa","isPartOf":{"@id":"https:\/\/www.armandotesta.it\/it\/#website"},"primaryImageOfPage":{"@id":"https:\/\/www.armandotesta.it\/it\/baci-perugina-on-air-con-lo-spot-radio-e-tv-e-il-concorso-io-laura-per-realizzare-il-sogno-di-incontrare-laura-pausini\/#primaryimage"},"image":{"@id":"https:\/\/www.armandotesta.it\/it\/baci-perugina-on-air-con-lo-spot-radio-e-tv-e-il-concorso-io-laura-per-realizzare-il-sogno-di-incontrare-laura-pausini\/#primaryimage"},"thumbnailUrl":"https:\/\/www.armandotesta.it\/wp-content\/uploads\/2024\/06\/236968-Baci1-fe6560-original-1487346673.jpg","datePublished":"2017-02-08T11:00:00+00:00","dateModified":"2024-06-04T13:38:26+00:00","breadcrumb":{"@id":"https:\/\/www.armandotesta.it\/it\/baci-perugina-on-air-con-lo-spot-radio-e-tv-e-il-concorso-io-laura-per-realizzare-il-sogno-di-incontrare-laura-pausini\/#breadcrumb"},"inLanguage":"it-IT","potentialAction":[{"@type":"ReadAction","target":["https:\/\/www.armandotesta.it\/it\/baci-perugina-on-air-con-lo-spot-radio-e-tv-e-il-concorso-io-laura-per-realizzare-il-sogno-di-incontrare-laura-pausini\/"]}]},{"@type":"ImageObject","inLanguage":"it-IT","@id":"https:\/\/www.armandotesta.it\/it\/baci-perugina-on-air-con-lo-spot-radio-e-tv-e-il-concorso-io-laura-per-realizzare-il-sogno-di-incontrare-laura-pausini\/#primaryimage","url":"https:\/\/www.armandotesta.it\/wp-content\/uploads\/2024\/06\/236968-Baci1-fe6560-original-1487346673.jpg","contentUrl":"https:\/\/www.armandotesta.it\/wp-content\/uploads\/2024\/06\/236968-Baci1-fe6560-original-1487346673.jpg","width":1243,"height":693},{"@type":"BreadcrumbList","@id":"https:\/\/www.armandotesta.it\/it\/baci-perugina-on-air-con-lo-spot-radio-e-tv-e-il-concorso-io-laura-per-realizzare-il-sogno-di-incontrare-laura-pausini\/#breadcrumb","itemListElement":[{"@type":"ListItem","position":1,"name":"Home","item":"https:\/\/www.armandotesta.it\/it\/"},{"@type":"ListItem","position":2,"name":"BACI PERUGINA ON AIR CON LO SPOT RADIO E TV E IL CONCORSO \u201cIO &#038; LAURA\u201d PER REALIZZARE IL SOGNO DI INCONTRARE LAURA PAUSINI"}]},{"@type":"WebSite","@id":"https:\/\/www.armandotesta.it\/it\/#website","url":"https:\/\/www.armandotesta.it\/it\/","name":"Armando Testa","description":"","publisher":{"@id":"https:\/\/www.armandotesta.it\/it\/#organization"},"potentialAction":[{"@type":"SearchAction","target":{"@type":"EntryPoint","urlTemplate":"https:\/\/www.armandotesta.it\/it\/?s={search_term_string}"},"query-input":{"@type":"PropertyValueSpecification","valueRequired":true,"valueName":"search_term_string"}}],"inLanguage":"it-IT"},{"@type":"Organization","@id":"https:\/\/www.armandotesta.it\/it\/#organization","name":"Armando Testa","url":"https:\/\/www.armandotesta.it\/it\/","logo":{"@type":"ImageObject","inLanguage":"it-IT","@id":"https:\/\/www.armandotesta.it\/it\/#\/schema\/logo\/image\/","url":"https:\/\/www.armandotesta.it\/wp-content\/uploads\/2024\/01\/logo-at.png","contentUrl":"https:\/\/www.armandotesta.it\/wp-content\/uploads\/2024\/01\/logo-at.png","width":200,"height":200,"caption":"Armando Testa"},"image":{"@id":"https:\/\/www.armandotesta.it\/it\/#\/schema\/logo\/image\/"}},{"@type":"Person","@id":"https:\/\/www.armandotesta.it\/it\/#\/schema\/person\/46d1d2d167e5f7b857761f0d5183a848","name":"admAT","image":{"@type":"ImageObject","inLanguage":"it-IT","@id":"https:\/\/secure.gravatar.com\/avatar\/9772e708d87105ee06ea2e627102fade92688c33bb2e0083a7a18b56280f7239?s=96&d=mm&r=g","url":"https:\/\/secure.gravatar.com\/avatar\/9772e708d87105ee06ea2e627102fade92688c33bb2e0083a7a18b56280f7239?s=96&d=mm&r=g","contentUrl":"https:\/\/secure.gravatar.com\/avatar\/9772e708d87105ee06ea2e627102fade92688c33bb2e0083a7a18b56280f7239?s=96&d=mm&r=g","caption":"admAT"},"sameAs":["https:\/\/www.armandotesta.it"],"url":"https:\/\/www.armandotesta.it\/it\/author\/admat\/"}]}},"_links":{"self":[{"href":"https:\/\/www.armandotesta.it\/it\/wp-json\/wp\/v2\/posts\/23531","targetHints":{"allow":["GET"]}}],"collection":[{"href":"https:\/\/www.armandotesta.it\/it\/wp-json\/wp\/v2\/posts"}],"about":[{"href":"https:\/\/www.armandotesta.it\/it\/wp-json\/wp\/v2\/types\/post"}],"author":[{"embeddable":true,"href":"https:\/\/www.armandotesta.it\/it\/wp-json\/wp\/v2\/users\/1"}],"replies":[{"embeddable":true,"href":"https:\/\/www.armandotesta.it\/it\/wp-json\/wp\/v2\/comments?post=23531"}],"version-history":[{"count":1,"href":"https:\/\/www.armandotesta.it\/it\/wp-json\/wp\/v2\/posts\/23531\/revisions"}],"predecessor-version":[{"id":25025,"href":"https:\/\/www.armandotesta.it\/it\/wp-json\/wp\/v2\/posts\/23531\/revisions\/25025"}],"wp:featuredmedia":[{"embeddable":true,"href":"https:\/\/www.armandotesta.it\/it\/wp-json\/wp\/v2\/media\/19631"}],"wp:attachment":[{"href":"https:\/\/www.armandotesta.it\/it\/wp-json\/wp\/v2\/media?parent=23531"}],"wp:term":[{"taxonomy":"category","embeddable":true,"href":"https:\/\/www.armandotesta.it\/it\/wp-json\/wp\/v2\/categories?post=23531"},{"taxonomy":"post_tag","embeddable":true,"href":"https:\/\/www.armandotesta.it\/it\/wp-json\/wp\/v2\/tags?post=23531"}],"curies":[{"name":"wp","href":"https:\/\/api.w.org\/{rel}","templated":true}]}}