{"id":23515,"date":"2017-04-07T10:00:00","date_gmt":"2017-04-07T08:00:00","guid":{"rendered":"https:\/\/www.armandotesta.it\/intesta-firma-il-rebranding-e-la-nuova-identity-dei-musei-reali-di-torino\/"},"modified":"2024-06-04T15:38:21","modified_gmt":"2024-06-04T13:38:21","slug":"intesta-firma-il-rebranding-e-la-nuova-identity-dei-musei-reali-di-torino","status":"publish","type":"post","link":"https:\/\/www.armandotesta.it\/it\/intesta-firma-il-rebranding-e-la-nuova-identity-dei-musei-reali-di-torino\/","title":{"rendered":"INTESTA FIRMA IL REBRANDING E LA NUOVA IDENTITY DEI MUSEI REALI DI TORINO."},"content":{"rendered":"<p>Oggi, l&#8217;eccezionale patrimonio artistico e culturale dei <strong>Musei Reali <\/strong>di <strong>Torino<\/strong> si presenta riunito in un percorso museale unico.<\/p>    <p>E il prestigioso progetto di rebranding \u00e8 stato affidato dalla <i>Consulta per la Valorizzazione dei Beni Artistico e Culturale<\/i> a <strong>Intesta<\/strong>, societ\u00e0 specializzata nel branding e graphic design del <strong>Gruppo Armando Testa<\/strong>, che firma il nuovo logo e le linee guida dell&#8217;identity.<\/p>    <p>\u201c<strong>Il marchio di un brand,<\/strong> &#8211;<i>racconta Antonella Testa, direttore artistico del progetto-<\/i>, <strong>\u00e8 una magnifica opera di sintesi. In pochi tratti precisi deve saper delineare e restituire la visione pi\u00f9 completa di quello che il brand vuole raccontare di s\u00e9 di pi\u00f9 intimo e profondo. Un logo non racconta solo il nome, ma racchiude una filosofia.\u201d<\/strong><\/p>    <p>E nella sintesi grafica la filosofia \u00e8 proprio racchiusa in una goccia d&#8217;oro, un colore cos\u00ec legato all&#8217;arte regale, una piccola gemma di inestimabile valore.<\/p>    <p>\u201c<strong>La goccia \u00e8 una figura retorica naturale, <\/strong><i>-continua Antonella Testa-<\/i>, <strong>\u00e8 gi\u00e0 una sintesi: il mare \u00e8 l&#8217;infinit\u00e0 di gocce che lo costituiscono; la goccia \u00e8 la distillazione pi\u00f9 pura di un profumo e ne racchiude l\u2019essenza.\u201d<\/strong><\/p>    <p>La sfida del nuovo marchio \u00e8 raccontare una storia di istituzionalit\u00e0 e di contemporaneit\u00e0, in linea con i pi\u00f9 importanti poli museali internazionali come l&#8217;Hermitage, il Metropolitan, il Louvre, Versailles.<\/p>    <p>La realt\u00e0 di <strong>Musei Reali Torino<\/strong> \u00e8 davvero comparabile a quella di altre capitali europee e il nuovo marchio \u00e8 il primo passo per lanciarla nel mondo.<\/p>    <p>I caratteri tipografici utilizzati, in nero, il classico per eccellenza, sono impreziositi da una goccia, sintesi di contemporaneit\u00e0 e storicit\u00e0. Il colore scelto \u00e8 l\u2019oro: l\u2019arte regale riesce, cos\u00ec, a interagire con il design contemporaneo in un morbido abbraccio di forme, che parlano con il linguaggio dell\u2019eleganza.<\/p>    <p>La nuova veste grafica verr\u00e0 proiettata venerd\u00ec 7 alle ore 21, direttamente sulla facciata di Palazzo Reale in un evento aperto alla cittadinanza, con un video realizzato ad hoc sempre da <strong>Intesta,<\/strong> in occasione della Notte Bianca della citt\u00e0.<\/p>\n\n<ul class=\"wp-block-gallery columns-1 is-cropped wp-block-gallery-1 is-layout-flex wp-block-gallery-is-layout-flex\">\n<li class=\"blocks-gallery-item\">\n   <figure>\n  <a href=\"https:\/\/newsroom.armandotesta.it\/\/wp-content\/uploads\/2019\/03\/243144-MRT_LOGO-ea5d4a-original-1491918599.jpg\">\n    <img decoding=\"async\" src=\"https:\/\/newsroom.armandotesta.it\/\/wp-content\/uploads\/2019\/03\/243144-MRT_LOGO-ea5d4a-original-1491918599.jpg\" \n        alt=\"\" \n      data-link=\"https:\/\/newsroom.armandotesta.it\/\/wp-content\/uploads\/2019\/03\/243144-MRT_LOGO-ea5d4a-original-1491918599.jpg\" \n      class=\"td-modal-image\"\/>\n  <\/a>\n  <\/figure>\n <\/li><\/ul>\n","protected":false},"excerpt":{"rendered":"<p>Il prestigioso progetto di rebranding \u00e8 stato affidato dalla Consulta per la Valorizzazione dei Beni Artistico e Culturale a Intesta, societ\u00e0 specializzata nel branding e graphic design del Gruppo Armando Testa, che firma il nuovo logo e le linee guida dell&#8217;identity.<\/p>\n","protected":false},"author":1,"featured_media":19613,"comment_status":"closed","ping_status":"closed","sticky":false,"template":"","format":"standard","meta":{"_acf_changed":false,"inline_featured_image":false,"footnotes":""},"categories":[],"tags":[],"class_list":["post-23515","post","type-post","status-publish","format-standard","has-post-thumbnail","hentry"],"acf":false,"yoast_head":"<!-- This site is optimized with the Yoast SEO plugin v27.5 - https:\/\/yoast.com\/product\/yoast-seo-wordpress\/ -->\n<title>INTESTA FIRMA IL REBRANDING E LA NUOVA IDENTITY DEI MUSEI REALI DI TORINO. - Armando Testa<\/title>\n<meta name=\"robots\" content=\"index, follow, max-snippet:-1, max-image-preview:large, max-video-preview:-1\" \/>\n<link rel=\"canonical\" href=\"https:\/\/www.armandotesta.it\/it\/intesta-firma-il-rebranding-e-la-nuova-identity-dei-musei-reali-di-torino\/\" \/>\n<meta property=\"og:locale\" content=\"it_IT\" \/>\n<meta property=\"og:type\" content=\"article\" \/>\n<meta property=\"og:title\" content=\"INTESTA FIRMA IL REBRANDING E LA NUOVA IDENTITY DEI MUSEI REALI DI TORINO. - Armando Testa\" \/>\n<meta property=\"og:description\" content=\"Il prestigioso progetto di rebranding \u00e8 stato affidato dalla Consulta per la Valorizzazione dei Beni Artistico e Culturale a Intesta, societ\u00e0 specializzata nel branding e graphic design del Gruppo Armando Testa, che firma il nuovo logo e le linee guida dell&#039;identity.\" \/>\n<meta property=\"og:url\" content=\"https:\/\/www.armandotesta.it\/it\/intesta-firma-il-rebranding-e-la-nuova-identity-dei-musei-reali-di-torino\/\" \/>\n<meta property=\"og:site_name\" content=\"Armando Testa\" \/>\n<meta property=\"article:published_time\" content=\"2017-04-07T08:00:00+00:00\" \/>\n<meta property=\"article:modified_time\" content=\"2024-06-04T13:38:21+00:00\" \/>\n<meta property=\"og:image\" content=\"https:\/\/www.armandotesta.it\/wp-content\/uploads\/2024\/06\/243144-MRT_LOGO-ea5d4a-original-1491918599-scaled.jpg\" \/>\n\t<meta property=\"og:image:width\" content=\"1811\" \/>\n\t<meta property=\"og:image:height\" content=\"2560\" \/>\n\t<meta property=\"og:image:type\" content=\"image\/jpeg\" \/>\n<meta name=\"author\" content=\"admAT\" \/>\n<meta name=\"twitter:card\" content=\"summary_large_image\" \/>\n<meta name=\"twitter:label1\" content=\"Scritto da\" \/>\n\t<meta name=\"twitter:data1\" content=\"admAT\" \/>\n\t<meta name=\"twitter:label2\" content=\"Tempo di lettura stimato\" \/>\n\t<meta name=\"twitter:data2\" content=\"2 minuti\" \/>\n<script type=\"application\/ld+json\" class=\"yoast-schema-graph\">{\"@context\":\"https:\\\/\\\/schema.org\",\"@graph\":[{\"@type\":\"Article\",\"@id\":\"https:\\\/\\\/www.armandotesta.it\\\/it\\\/intesta-firma-il-rebranding-e-la-nuova-identity-dei-musei-reali-di-torino\\\/#article\",\"isPartOf\":{\"@id\":\"https:\\\/\\\/www.armandotesta.it\\\/it\\\/intesta-firma-il-rebranding-e-la-nuova-identity-dei-musei-reali-di-torino\\\/\"},\"author\":{\"name\":\"admAT\",\"@id\":\"https:\\\/\\\/www.armandotesta.it\\\/it\\\/#\\\/schema\\\/person\\\/46d1d2d167e5f7b857761f0d5183a848\"},\"headline\":\"INTESTA FIRMA IL REBRANDING E LA NUOVA IDENTITY DEI MUSEI REALI DI TORINO.\",\"datePublished\":\"2017-04-07T08:00:00+00:00\",\"dateModified\":\"2024-06-04T13:38:21+00:00\",\"mainEntityOfPage\":{\"@id\":\"https:\\\/\\\/www.armandotesta.it\\\/it\\\/intesta-firma-il-rebranding-e-la-nuova-identity-dei-musei-reali-di-torino\\\/\"},\"wordCount\":332,\"publisher\":{\"@id\":\"https:\\\/\\\/www.armandotesta.it\\\/it\\\/#organization\"},\"image\":{\"@id\":\"https:\\\/\\\/www.armandotesta.it\\\/it\\\/intesta-firma-il-rebranding-e-la-nuova-identity-dei-musei-reali-di-torino\\\/#primaryimage\"},\"thumbnailUrl\":\"https:\\\/\\\/www.armandotesta.it\\\/wp-content\\\/uploads\\\/2024\\\/06\\\/243144-MRT_LOGO-ea5d4a-original-1491918599-scaled.jpg\",\"inLanguage\":\"it-IT\"},{\"@type\":\"WebPage\",\"@id\":\"https:\\\/\\\/www.armandotesta.it\\\/it\\\/intesta-firma-il-rebranding-e-la-nuova-identity-dei-musei-reali-di-torino\\\/\",\"url\":\"https:\\\/\\\/www.armandotesta.it\\\/it\\\/intesta-firma-il-rebranding-e-la-nuova-identity-dei-musei-reali-di-torino\\\/\",\"name\":\"INTESTA FIRMA IL REBRANDING E LA NUOVA IDENTITY DEI MUSEI REALI DI TORINO. - Armando Testa\",\"isPartOf\":{\"@id\":\"https:\\\/\\\/www.armandotesta.it\\\/it\\\/#website\"},\"primaryImageOfPage\":{\"@id\":\"https:\\\/\\\/www.armandotesta.it\\\/it\\\/intesta-firma-il-rebranding-e-la-nuova-identity-dei-musei-reali-di-torino\\\/#primaryimage\"},\"image\":{\"@id\":\"https:\\\/\\\/www.armandotesta.it\\\/it\\\/intesta-firma-il-rebranding-e-la-nuova-identity-dei-musei-reali-di-torino\\\/#primaryimage\"},\"thumbnailUrl\":\"https:\\\/\\\/www.armandotesta.it\\\/wp-content\\\/uploads\\\/2024\\\/06\\\/243144-MRT_LOGO-ea5d4a-original-1491918599-scaled.jpg\",\"datePublished\":\"2017-04-07T08:00:00+00:00\",\"dateModified\":\"2024-06-04T13:38:21+00:00\",\"breadcrumb\":{\"@id\":\"https:\\\/\\\/www.armandotesta.it\\\/it\\\/intesta-firma-il-rebranding-e-la-nuova-identity-dei-musei-reali-di-torino\\\/#breadcrumb\"},\"inLanguage\":\"it-IT\",\"potentialAction\":[{\"@type\":\"ReadAction\",\"target\":[\"https:\\\/\\\/www.armandotesta.it\\\/it\\\/intesta-firma-il-rebranding-e-la-nuova-identity-dei-musei-reali-di-torino\\\/\"]}]},{\"@type\":\"ImageObject\",\"inLanguage\":\"it-IT\",\"@id\":\"https:\\\/\\\/www.armandotesta.it\\\/it\\\/intesta-firma-il-rebranding-e-la-nuova-identity-dei-musei-reali-di-torino\\\/#primaryimage\",\"url\":\"https:\\\/\\\/www.armandotesta.it\\\/wp-content\\\/uploads\\\/2024\\\/06\\\/243144-MRT_LOGO-ea5d4a-original-1491918599-scaled.jpg\",\"contentUrl\":\"https:\\\/\\\/www.armandotesta.it\\\/wp-content\\\/uploads\\\/2024\\\/06\\\/243144-MRT_LOGO-ea5d4a-original-1491918599-scaled.jpg\",\"width\":1811,\"height\":2560},{\"@type\":\"BreadcrumbList\",\"@id\":\"https:\\\/\\\/www.armandotesta.it\\\/it\\\/intesta-firma-il-rebranding-e-la-nuova-identity-dei-musei-reali-di-torino\\\/#breadcrumb\",\"itemListElement\":[{\"@type\":\"ListItem\",\"position\":1,\"name\":\"Home\",\"item\":\"https:\\\/\\\/www.armandotesta.it\\\/it\\\/\"},{\"@type\":\"ListItem\",\"position\":2,\"name\":\"INTESTA FIRMA IL REBRANDING E LA NUOVA IDENTITY DEI MUSEI REALI DI TORINO.\"}]},{\"@type\":\"WebSite\",\"@id\":\"https:\\\/\\\/www.armandotesta.it\\\/it\\\/#website\",\"url\":\"https:\\\/\\\/www.armandotesta.it\\\/it\\\/\",\"name\":\"Armando Testa\",\"description\":\"\",\"publisher\":{\"@id\":\"https:\\\/\\\/www.armandotesta.it\\\/it\\\/#organization\"},\"potentialAction\":[{\"@type\":\"SearchAction\",\"target\":{\"@type\":\"EntryPoint\",\"urlTemplate\":\"https:\\\/\\\/www.armandotesta.it\\\/it\\\/?s={search_term_string}\"},\"query-input\":{\"@type\":\"PropertyValueSpecification\",\"valueRequired\":true,\"valueName\":\"search_term_string\"}}],\"inLanguage\":\"it-IT\"},{\"@type\":\"Organization\",\"@id\":\"https:\\\/\\\/www.armandotesta.it\\\/it\\\/#organization\",\"name\":\"Armando Testa\",\"url\":\"https:\\\/\\\/www.armandotesta.it\\\/it\\\/\",\"logo\":{\"@type\":\"ImageObject\",\"inLanguage\":\"it-IT\",\"@id\":\"https:\\\/\\\/www.armandotesta.it\\\/it\\\/#\\\/schema\\\/logo\\\/image\\\/\",\"url\":\"https:\\\/\\\/www.armandotesta.it\\\/wp-content\\\/uploads\\\/2024\\\/01\\\/logo-at.png\",\"contentUrl\":\"https:\\\/\\\/www.armandotesta.it\\\/wp-content\\\/uploads\\\/2024\\\/01\\\/logo-at.png\",\"width\":200,\"height\":200,\"caption\":\"Armando Testa\"},\"image\":{\"@id\":\"https:\\\/\\\/www.armandotesta.it\\\/it\\\/#\\\/schema\\\/logo\\\/image\\\/\"}},{\"@type\":\"Person\",\"@id\":\"https:\\\/\\\/www.armandotesta.it\\\/it\\\/#\\\/schema\\\/person\\\/46d1d2d167e5f7b857761f0d5183a848\",\"name\":\"admAT\",\"image\":{\"@type\":\"ImageObject\",\"inLanguage\":\"it-IT\",\"@id\":\"https:\\\/\\\/secure.gravatar.com\\\/avatar\\\/9772e708d87105ee06ea2e627102fade92688c33bb2e0083a7a18b56280f7239?s=96&d=mm&r=g\",\"url\":\"https:\\\/\\\/secure.gravatar.com\\\/avatar\\\/9772e708d87105ee06ea2e627102fade92688c33bb2e0083a7a18b56280f7239?s=96&d=mm&r=g\",\"contentUrl\":\"https:\\\/\\\/secure.gravatar.com\\\/avatar\\\/9772e708d87105ee06ea2e627102fade92688c33bb2e0083a7a18b56280f7239?s=96&d=mm&r=g\",\"caption\":\"admAT\"},\"sameAs\":[\"https:\\\/\\\/www.armandotesta.it\"],\"url\":\"https:\\\/\\\/www.armandotesta.it\\\/it\\\/author\\\/admat\\\/\"}]}<\/script>\n<!-- \/ Yoast SEO plugin. -->","yoast_head_json":{"title":"INTESTA FIRMA IL REBRANDING E LA NUOVA IDENTITY DEI MUSEI REALI DI TORINO. - Armando Testa","robots":{"index":"index","follow":"follow","max-snippet":"max-snippet:-1","max-image-preview":"max-image-preview:large","max-video-preview":"max-video-preview:-1"},"canonical":"https:\/\/www.armandotesta.it\/it\/intesta-firma-il-rebranding-e-la-nuova-identity-dei-musei-reali-di-torino\/","og_locale":"it_IT","og_type":"article","og_title":"INTESTA FIRMA IL REBRANDING E LA NUOVA IDENTITY DEI MUSEI REALI DI TORINO. - Armando Testa","og_description":"Il prestigioso progetto di rebranding \u00e8 stato affidato dalla Consulta per la Valorizzazione dei Beni Artistico e Culturale a Intesta, societ\u00e0 specializzata nel branding e graphic design del Gruppo Armando Testa, che firma il nuovo logo e le linee guida dell'identity.","og_url":"https:\/\/www.armandotesta.it\/it\/intesta-firma-il-rebranding-e-la-nuova-identity-dei-musei-reali-di-torino\/","og_site_name":"Armando Testa","article_published_time":"2017-04-07T08:00:00+00:00","article_modified_time":"2024-06-04T13:38:21+00:00","og_image":[{"width":1811,"height":2560,"url":"https:\/\/www.armandotesta.it\/wp-content\/uploads\/2024\/06\/243144-MRT_LOGO-ea5d4a-original-1491918599-scaled.jpg","type":"image\/jpeg"}],"author":"admAT","twitter_card":"summary_large_image","twitter_misc":{"Scritto da":"admAT","Tempo di lettura stimato":"2 minuti"},"schema":{"@context":"https:\/\/schema.org","@graph":[{"@type":"Article","@id":"https:\/\/www.armandotesta.it\/it\/intesta-firma-il-rebranding-e-la-nuova-identity-dei-musei-reali-di-torino\/#article","isPartOf":{"@id":"https:\/\/www.armandotesta.it\/it\/intesta-firma-il-rebranding-e-la-nuova-identity-dei-musei-reali-di-torino\/"},"author":{"name":"admAT","@id":"https:\/\/www.armandotesta.it\/it\/#\/schema\/person\/46d1d2d167e5f7b857761f0d5183a848"},"headline":"INTESTA FIRMA IL REBRANDING E LA NUOVA IDENTITY DEI MUSEI REALI DI TORINO.","datePublished":"2017-04-07T08:00:00+00:00","dateModified":"2024-06-04T13:38:21+00:00","mainEntityOfPage":{"@id":"https:\/\/www.armandotesta.it\/it\/intesta-firma-il-rebranding-e-la-nuova-identity-dei-musei-reali-di-torino\/"},"wordCount":332,"publisher":{"@id":"https:\/\/www.armandotesta.it\/it\/#organization"},"image":{"@id":"https:\/\/www.armandotesta.it\/it\/intesta-firma-il-rebranding-e-la-nuova-identity-dei-musei-reali-di-torino\/#primaryimage"},"thumbnailUrl":"https:\/\/www.armandotesta.it\/wp-content\/uploads\/2024\/06\/243144-MRT_LOGO-ea5d4a-original-1491918599-scaled.jpg","inLanguage":"it-IT"},{"@type":"WebPage","@id":"https:\/\/www.armandotesta.it\/it\/intesta-firma-il-rebranding-e-la-nuova-identity-dei-musei-reali-di-torino\/","url":"https:\/\/www.armandotesta.it\/it\/intesta-firma-il-rebranding-e-la-nuova-identity-dei-musei-reali-di-torino\/","name":"INTESTA FIRMA IL REBRANDING E LA NUOVA IDENTITY DEI MUSEI REALI DI TORINO. - Armando Testa","isPartOf":{"@id":"https:\/\/www.armandotesta.it\/it\/#website"},"primaryImageOfPage":{"@id":"https:\/\/www.armandotesta.it\/it\/intesta-firma-il-rebranding-e-la-nuova-identity-dei-musei-reali-di-torino\/#primaryimage"},"image":{"@id":"https:\/\/www.armandotesta.it\/it\/intesta-firma-il-rebranding-e-la-nuova-identity-dei-musei-reali-di-torino\/#primaryimage"},"thumbnailUrl":"https:\/\/www.armandotesta.it\/wp-content\/uploads\/2024\/06\/243144-MRT_LOGO-ea5d4a-original-1491918599-scaled.jpg","datePublished":"2017-04-07T08:00:00+00:00","dateModified":"2024-06-04T13:38:21+00:00","breadcrumb":{"@id":"https:\/\/www.armandotesta.it\/it\/intesta-firma-il-rebranding-e-la-nuova-identity-dei-musei-reali-di-torino\/#breadcrumb"},"inLanguage":"it-IT","potentialAction":[{"@type":"ReadAction","target":["https:\/\/www.armandotesta.it\/it\/intesta-firma-il-rebranding-e-la-nuova-identity-dei-musei-reali-di-torino\/"]}]},{"@type":"ImageObject","inLanguage":"it-IT","@id":"https:\/\/www.armandotesta.it\/it\/intesta-firma-il-rebranding-e-la-nuova-identity-dei-musei-reali-di-torino\/#primaryimage","url":"https:\/\/www.armandotesta.it\/wp-content\/uploads\/2024\/06\/243144-MRT_LOGO-ea5d4a-original-1491918599-scaled.jpg","contentUrl":"https:\/\/www.armandotesta.it\/wp-content\/uploads\/2024\/06\/243144-MRT_LOGO-ea5d4a-original-1491918599-scaled.jpg","width":1811,"height":2560},{"@type":"BreadcrumbList","@id":"https:\/\/www.armandotesta.it\/it\/intesta-firma-il-rebranding-e-la-nuova-identity-dei-musei-reali-di-torino\/#breadcrumb","itemListElement":[{"@type":"ListItem","position":1,"name":"Home","item":"https:\/\/www.armandotesta.it\/it\/"},{"@type":"ListItem","position":2,"name":"INTESTA FIRMA IL REBRANDING E LA NUOVA IDENTITY DEI MUSEI REALI DI TORINO."}]},{"@type":"WebSite","@id":"https:\/\/www.armandotesta.it\/it\/#website","url":"https:\/\/www.armandotesta.it\/it\/","name":"Armando Testa","description":"","publisher":{"@id":"https:\/\/www.armandotesta.it\/it\/#organization"},"potentialAction":[{"@type":"SearchAction","target":{"@type":"EntryPoint","urlTemplate":"https:\/\/www.armandotesta.it\/it\/?s={search_term_string}"},"query-input":{"@type":"PropertyValueSpecification","valueRequired":true,"valueName":"search_term_string"}}],"inLanguage":"it-IT"},{"@type":"Organization","@id":"https:\/\/www.armandotesta.it\/it\/#organization","name":"Armando Testa","url":"https:\/\/www.armandotesta.it\/it\/","logo":{"@type":"ImageObject","inLanguage":"it-IT","@id":"https:\/\/www.armandotesta.it\/it\/#\/schema\/logo\/image\/","url":"https:\/\/www.armandotesta.it\/wp-content\/uploads\/2024\/01\/logo-at.png","contentUrl":"https:\/\/www.armandotesta.it\/wp-content\/uploads\/2024\/01\/logo-at.png","width":200,"height":200,"caption":"Armando Testa"},"image":{"@id":"https:\/\/www.armandotesta.it\/it\/#\/schema\/logo\/image\/"}},{"@type":"Person","@id":"https:\/\/www.armandotesta.it\/it\/#\/schema\/person\/46d1d2d167e5f7b857761f0d5183a848","name":"admAT","image":{"@type":"ImageObject","inLanguage":"it-IT","@id":"https:\/\/secure.gravatar.com\/avatar\/9772e708d87105ee06ea2e627102fade92688c33bb2e0083a7a18b56280f7239?s=96&d=mm&r=g","url":"https:\/\/secure.gravatar.com\/avatar\/9772e708d87105ee06ea2e627102fade92688c33bb2e0083a7a18b56280f7239?s=96&d=mm&r=g","contentUrl":"https:\/\/secure.gravatar.com\/avatar\/9772e708d87105ee06ea2e627102fade92688c33bb2e0083a7a18b56280f7239?s=96&d=mm&r=g","caption":"admAT"},"sameAs":["https:\/\/www.armandotesta.it"],"url":"https:\/\/www.armandotesta.it\/it\/author\/admat\/"}]}},"_links":{"self":[{"href":"https:\/\/www.armandotesta.it\/it\/wp-json\/wp\/v2\/posts\/23515","targetHints":{"allow":["GET"]}}],"collection":[{"href":"https:\/\/www.armandotesta.it\/it\/wp-json\/wp\/v2\/posts"}],"about":[{"href":"https:\/\/www.armandotesta.it\/it\/wp-json\/wp\/v2\/types\/post"}],"author":[{"embeddable":true,"href":"https:\/\/www.armandotesta.it\/it\/wp-json\/wp\/v2\/users\/1"}],"replies":[{"embeddable":true,"href":"https:\/\/www.armandotesta.it\/it\/wp-json\/wp\/v2\/comments?post=23515"}],"version-history":[{"count":1,"href":"https:\/\/www.armandotesta.it\/it\/wp-json\/wp\/v2\/posts\/23515\/revisions"}],"predecessor-version":[{"id":25016,"href":"https:\/\/www.armandotesta.it\/it\/wp-json\/wp\/v2\/posts\/23515\/revisions\/25016"}],"wp:featuredmedia":[{"embeddable":true,"href":"https:\/\/www.armandotesta.it\/it\/wp-json\/wp\/v2\/media\/19613"}],"wp:attachment":[{"href":"https:\/\/www.armandotesta.it\/it\/wp-json\/wp\/v2\/media?parent=23515"}],"wp:term":[{"taxonomy":"category","embeddable":true,"href":"https:\/\/www.armandotesta.it\/it\/wp-json\/wp\/v2\/categories?post=23515"},{"taxonomy":"post_tag","embeddable":true,"href":"https:\/\/www.armandotesta.it\/it\/wp-json\/wp\/v2\/tags?post=23515"}],"curies":[{"name":"wp","href":"https:\/\/api.w.org\/{rel}","templated":true}]}}