{"id":23425,"date":"2018-01-29T12:00:00","date_gmt":"2018-01-29T11:00:00","guid":{"rendered":"https:\/\/www.armandotesta.it\/e-caccia-al-bacio-per-emma-marrone-armando-testa-lancia-sul-web-il-san-valentino-di-baci-perugina-al-via-anche-il-concorso-per-vincere-un-incontro-esclusivo-con-emma\/"},"modified":"2024-06-04T15:37:58","modified_gmt":"2024-06-04T13:37:58","slug":"e-caccia-al-bacio-per-emma-marrone-armando-testa-lancia-sul-web-il-san-valentino-di-baci-perugina-al-via-anche-il-concorso-per-vincere-un-incontro-esclusivo-con-emma","status":"publish","type":"post","link":"https:\/\/www.armandotesta.it\/it\/e-caccia-al-bacio-per-emma-marrone-armando-testa-lancia-sul-web-il-san-valentino-di-baci-perugina-al-via-anche-il-concorso-per-vincere-un-incontro-esclusivo-con-emma\/","title":{"rendered":"\u00c8 \u201cCACCIA AL BACIO\u201d PER EMMA MARRONE. ARMANDO TESTA LANCIA SUL WEB IL SAN VALENTINO DI BACI PERUGINA. AL VIA ANCHE IL CONCORSO PER VINCERE UN INCONTRO ESCLUSIVO CON EMMA"},"content":{"rendered":"<p>Uno studio di registrazione importante e suggestivo, le \u201cOfficine Meccaniche\u201d di Milano, diventa la location del <b>video di lancio<\/b> del <b>San Valentino di Baci Perugina<\/b> (<a href=\"https:\/\/www.facebook.com\/BaciPeruginaIT\/videos\/10156103962046202\/\" target=\"_blank\" rel=\"noopener noreferrer\">https:\/\/www.facebook.com\/BaciPeruginaIT\/videos\/10156103962046202\/<\/a> ). <\/p>\n<p>Un luogo che sia <b>Emma <\/b>che i suoi fan conoscono molto bene, perch\u00e9 \u00e8 proprio qui che \u00e8 nato <b>\u201cL\u2019Isola\u201d<\/b>, nuovo singolo di Emma, colonna sonora e leitmotiv dell\u2019edizione <b>Autografi d\u2019Amore 2018 di Baci Perugina<\/b>.<\/p>\n<p>Nel video vediamo l\u2019artista che, mentre si prepara a registrare il suo ultimo successo, trova un <b>Bacio Perugina appoggiato sul leggio<\/b>. Accanto ad esso un bigliettino con su scritto: \u201cseguimi\u201d. Inizia cos\u00ec una <b>\u201ccaccia al Bacio\u201d <\/b>che porter\u00e0 Emma Marrone a muoversi tra strumenti musicali e cimeli artistici che hanno fatto la storia della discografia italiana, fino ad arrivare a un <b>dolcissimo tesoro che farebbe gola a qualsiasi innamorato.<\/b><\/p>\n<p><b> <\/b><\/p>\n<p>Il video, da oggi online sulle<b> pagine Facebook di Baci Perugina ed Emma Marrone<\/b>,<b> <\/b>fa parte di un progetto pi\u00f9 ampio di <b>campagna integrata sviluppata dall\u2019agenzia<\/b> <b>Armando Testa<\/b> sotto la direzione creativa di <b>Jacopo Morini<\/b>. La creativit\u00e0 \u00e8 stata quindi declinata su tutti i media: <b>pack di prodotto<\/b>, <b>video per il web<\/b>, <b>spot tv<\/b> e <b>radio<\/b>. <\/p>\n<p><b> <\/b><\/p>\n<p>Dal 22 gennaio fino al 25 febbraio, inoltre \u00e8 possibile partecipare al <b>concorso \u201cAutografi d\u2019amore di Emma\u201d per vincere un incontro esclusivo con la cantante<\/b>. Acquistando almeno una confezione di Baci Perugina, baster\u00e0 registrarsi o fare il login al sito www.baciperugina.it, compilare l\u2019apposito form con i dati dello scontrino per scoprire subito se si \u00e8 il vincitore. In palio <b>5 vincitori<\/b> con rispettivi accompagnatori.<\/p>\n<p>Il piano editoriale di Facebook e Instagram \u00e8 stato realizzato dall\u2019agenzia creativa <b>YAM112003<\/b>. All\u2019agenzia di comunicazione <b>Found! Story Engagement Factory<\/b>, l\u2019attivit\u00e0 di ufficio stampa e pr.<\/p>\n<p><b>Credits<\/b><b><\/b><\/p>\n<p>Agenzia: Armando Testa<\/p>\n<p>Servizio clienti: Tiziana Perotti, Laura Alberti<\/p>\n<p>Direttore Creativo: Jacopo Morini<\/p>\n<p>Copywriter: Andrea Dell\u2019Osa<\/p>\n<p>Art director: Alberto Agabio<\/p>\n<p>Agenzia Pr: Found!<\/p>\n<p>Agenzia digital: YAM112003<\/p>\n<p>Direzione Artistica ed Editoriale: Universal Music Group<\/p>\n","protected":false},"excerpt":{"rendered":"<p>Uno studio di registrazione importante e suggestivo, le \u201cOfficine Meccaniche\u201d di Milano, diventa la location del video di lancio del San Valentino di Baci Perugina<\/p>\n","protected":false},"author":1,"featured_media":19526,"comment_status":"closed","ping_status":"closed","sticky":false,"template":"","format":"standard","meta":{"_acf_changed":false,"inline_featured_image":false,"footnotes":""},"categories":[],"tags":[],"class_list":["post-23425","post","type-post","status-publish","format-standard","has-post-thumbnail","hentry"],"acf":false,"yoast_head":"<!-- This site is optimized with the Yoast SEO plugin v27.5 - https:\/\/yoast.com\/product\/yoast-seo-wordpress\/ -->\n<title>\u00c8 \u201cCACCIA AL BACIO\u201d PER EMMA MARRONE. ARMANDO TESTA LANCIA SUL WEB IL SAN VALENTINO DI BACI PERUGINA. AL VIA ANCHE IL CONCORSO PER VINCERE UN INCONTRO ESCLUSIVO CON EMMA - Armando Testa<\/title>\n<meta name=\"robots\" content=\"index, follow, max-snippet:-1, max-image-preview:large, max-video-preview:-1\" \/>\n<link rel=\"canonical\" href=\"https:\/\/www.armandotesta.it\/it\/e-caccia-al-bacio-per-emma-marrone-armando-testa-lancia-sul-web-il-san-valentino-di-baci-perugina-al-via-anche-il-concorso-per-vincere-un-incontro-esclusivo-con-emma\/\" \/>\n<meta property=\"og:locale\" content=\"it_IT\" \/>\n<meta property=\"og:type\" content=\"article\" \/>\n<meta property=\"og:title\" content=\"\u00c8 \u201cCACCIA AL BACIO\u201d PER EMMA MARRONE. ARMANDO TESTA LANCIA SUL WEB IL SAN VALENTINO DI BACI PERUGINA. AL VIA ANCHE IL CONCORSO PER VINCERE UN INCONTRO ESCLUSIVO CON EMMA - Armando Testa\" \/>\n<meta property=\"og:description\" content=\"Uno studio di registrazione importante e suggestivo, le \u201cOfficine Meccaniche\u201d di Milano, diventa la location del video di lancio del San Valentino di Baci Perugina\" \/>\n<meta property=\"og:url\" content=\"https:\/\/www.armandotesta.it\/it\/e-caccia-al-bacio-per-emma-marrone-armando-testa-lancia-sul-web-il-san-valentino-di-baci-perugina-al-via-anche-il-concorso-per-vincere-un-incontro-esclusivo-con-emma\/\" \/>\n<meta property=\"og:site_name\" content=\"Armando Testa\" \/>\n<meta property=\"article:published_time\" content=\"2018-01-29T11:00:00+00:00\" \/>\n<meta property=\"article:modified_time\" content=\"2024-06-04T13:37:58+00:00\" \/>\n<meta property=\"og:image\" content=\"https:\/\/www.armandotesta.it\/wp-content\/uploads\/2024\/06\/271131-Emma-4b9f58-original-1517416740.jpg\" \/>\n\t<meta property=\"og:image:width\" content=\"768\" \/>\n\t<meta property=\"og:image:height\" content=\"1024\" \/>\n\t<meta property=\"og:image:type\" content=\"image\/jpeg\" \/>\n<meta name=\"author\" content=\"admAT\" \/>\n<meta name=\"twitter:card\" content=\"summary_large_image\" \/>\n<meta name=\"twitter:label1\" content=\"Scritto da\" \/>\n\t<meta name=\"twitter:data1\" content=\"admAT\" \/>\n\t<meta name=\"twitter:label2\" content=\"Tempo di lettura stimato\" \/>\n\t<meta name=\"twitter:data2\" content=\"2 minuti\" \/>\n<script type=\"application\/ld+json\" class=\"yoast-schema-graph\">{\"@context\":\"https:\\\/\\\/schema.org\",\"@graph\":[{\"@type\":\"Article\",\"@id\":\"https:\\\/\\\/www.armandotesta.it\\\/it\\\/e-caccia-al-bacio-per-emma-marrone-armando-testa-lancia-sul-web-il-san-valentino-di-baci-perugina-al-via-anche-il-concorso-per-vincere-un-incontro-esclusivo-con-emma\\\/#article\",\"isPartOf\":{\"@id\":\"https:\\\/\\\/www.armandotesta.it\\\/it\\\/e-caccia-al-bacio-per-emma-marrone-armando-testa-lancia-sul-web-il-san-valentino-di-baci-perugina-al-via-anche-il-concorso-per-vincere-un-incontro-esclusivo-con-emma\\\/\"},\"author\":{\"name\":\"admAT\",\"@id\":\"https:\\\/\\\/www.armandotesta.it\\\/it\\\/#\\\/schema\\\/person\\\/46d1d2d167e5f7b857761f0d5183a848\"},\"headline\":\"\u00c8 \u201cCACCIA AL BACIO\u201d PER EMMA MARRONE. ARMANDO TESTA LANCIA SUL WEB IL SAN VALENTINO DI BACI PERUGINA. AL VIA ANCHE IL CONCORSO PER VINCERE UN INCONTRO ESCLUSIVO CON EMMA\",\"datePublished\":\"2018-01-29T11:00:00+00:00\",\"dateModified\":\"2024-06-04T13:37:58+00:00\",\"mainEntityOfPage\":{\"@id\":\"https:\\\/\\\/www.armandotesta.it\\\/it\\\/e-caccia-al-bacio-per-emma-marrone-armando-testa-lancia-sul-web-il-san-valentino-di-baci-perugina-al-via-anche-il-concorso-per-vincere-un-incontro-esclusivo-con-emma\\\/\"},\"wordCount\":347,\"publisher\":{\"@id\":\"https:\\\/\\\/www.armandotesta.it\\\/it\\\/#organization\"},\"image\":{\"@id\":\"https:\\\/\\\/www.armandotesta.it\\\/it\\\/e-caccia-al-bacio-per-emma-marrone-armando-testa-lancia-sul-web-il-san-valentino-di-baci-perugina-al-via-anche-il-concorso-per-vincere-un-incontro-esclusivo-con-emma\\\/#primaryimage\"},\"thumbnailUrl\":\"https:\\\/\\\/www.armandotesta.it\\\/wp-content\\\/uploads\\\/2024\\\/06\\\/271131-Emma-4b9f58-original-1517416740.jpg\",\"inLanguage\":\"it-IT\"},{\"@type\":\"WebPage\",\"@id\":\"https:\\\/\\\/www.armandotesta.it\\\/it\\\/e-caccia-al-bacio-per-emma-marrone-armando-testa-lancia-sul-web-il-san-valentino-di-baci-perugina-al-via-anche-il-concorso-per-vincere-un-incontro-esclusivo-con-emma\\\/\",\"url\":\"https:\\\/\\\/www.armandotesta.it\\\/it\\\/e-caccia-al-bacio-per-emma-marrone-armando-testa-lancia-sul-web-il-san-valentino-di-baci-perugina-al-via-anche-il-concorso-per-vincere-un-incontro-esclusivo-con-emma\\\/\",\"name\":\"\u00c8 \u201cCACCIA AL BACIO\u201d PER EMMA MARRONE. ARMANDO TESTA LANCIA SUL WEB IL SAN VALENTINO DI BACI PERUGINA. AL VIA ANCHE IL CONCORSO PER VINCERE UN INCONTRO ESCLUSIVO CON EMMA - Armando Testa\",\"isPartOf\":{\"@id\":\"https:\\\/\\\/www.armandotesta.it\\\/it\\\/#website\"},\"primaryImageOfPage\":{\"@id\":\"https:\\\/\\\/www.armandotesta.it\\\/it\\\/e-caccia-al-bacio-per-emma-marrone-armando-testa-lancia-sul-web-il-san-valentino-di-baci-perugina-al-via-anche-il-concorso-per-vincere-un-incontro-esclusivo-con-emma\\\/#primaryimage\"},\"image\":{\"@id\":\"https:\\\/\\\/www.armandotesta.it\\\/it\\\/e-caccia-al-bacio-per-emma-marrone-armando-testa-lancia-sul-web-il-san-valentino-di-baci-perugina-al-via-anche-il-concorso-per-vincere-un-incontro-esclusivo-con-emma\\\/#primaryimage\"},\"thumbnailUrl\":\"https:\\\/\\\/www.armandotesta.it\\\/wp-content\\\/uploads\\\/2024\\\/06\\\/271131-Emma-4b9f58-original-1517416740.jpg\",\"datePublished\":\"2018-01-29T11:00:00+00:00\",\"dateModified\":\"2024-06-04T13:37:58+00:00\",\"breadcrumb\":{\"@id\":\"https:\\\/\\\/www.armandotesta.it\\\/it\\\/e-caccia-al-bacio-per-emma-marrone-armando-testa-lancia-sul-web-il-san-valentino-di-baci-perugina-al-via-anche-il-concorso-per-vincere-un-incontro-esclusivo-con-emma\\\/#breadcrumb\"},\"inLanguage\":\"it-IT\",\"potentialAction\":[{\"@type\":\"ReadAction\",\"target\":[\"https:\\\/\\\/www.armandotesta.it\\\/it\\\/e-caccia-al-bacio-per-emma-marrone-armando-testa-lancia-sul-web-il-san-valentino-di-baci-perugina-al-via-anche-il-concorso-per-vincere-un-incontro-esclusivo-con-emma\\\/\"]}]},{\"@type\":\"ImageObject\",\"inLanguage\":\"it-IT\",\"@id\":\"https:\\\/\\\/www.armandotesta.it\\\/it\\\/e-caccia-al-bacio-per-emma-marrone-armando-testa-lancia-sul-web-il-san-valentino-di-baci-perugina-al-via-anche-il-concorso-per-vincere-un-incontro-esclusivo-con-emma\\\/#primaryimage\",\"url\":\"https:\\\/\\\/www.armandotesta.it\\\/wp-content\\\/uploads\\\/2024\\\/06\\\/271131-Emma-4b9f58-original-1517416740.jpg\",\"contentUrl\":\"https:\\\/\\\/www.armandotesta.it\\\/wp-content\\\/uploads\\\/2024\\\/06\\\/271131-Emma-4b9f58-original-1517416740.jpg\",\"width\":768,\"height\":1024},{\"@type\":\"BreadcrumbList\",\"@id\":\"https:\\\/\\\/www.armandotesta.it\\\/it\\\/e-caccia-al-bacio-per-emma-marrone-armando-testa-lancia-sul-web-il-san-valentino-di-baci-perugina-al-via-anche-il-concorso-per-vincere-un-incontro-esclusivo-con-emma\\\/#breadcrumb\",\"itemListElement\":[{\"@type\":\"ListItem\",\"position\":1,\"name\":\"Home\",\"item\":\"https:\\\/\\\/www.armandotesta.it\\\/it\\\/\"},{\"@type\":\"ListItem\",\"position\":2,\"name\":\"\u00c8 \u201cCACCIA AL BACIO\u201d PER EMMA MARRONE. ARMANDO TESTA LANCIA SUL WEB IL SAN VALENTINO DI BACI PERUGINA. AL VIA ANCHE IL CONCORSO PER VINCERE UN INCONTRO ESCLUSIVO CON EMMA\"}]},{\"@type\":\"WebSite\",\"@id\":\"https:\\\/\\\/www.armandotesta.it\\\/it\\\/#website\",\"url\":\"https:\\\/\\\/www.armandotesta.it\\\/it\\\/\",\"name\":\"Armando Testa\",\"description\":\"\",\"publisher\":{\"@id\":\"https:\\\/\\\/www.armandotesta.it\\\/it\\\/#organization\"},\"potentialAction\":[{\"@type\":\"SearchAction\",\"target\":{\"@type\":\"EntryPoint\",\"urlTemplate\":\"https:\\\/\\\/www.armandotesta.it\\\/it\\\/?s={search_term_string}\"},\"query-input\":{\"@type\":\"PropertyValueSpecification\",\"valueRequired\":true,\"valueName\":\"search_term_string\"}}],\"inLanguage\":\"it-IT\"},{\"@type\":\"Organization\",\"@id\":\"https:\\\/\\\/www.armandotesta.it\\\/it\\\/#organization\",\"name\":\"Armando Testa\",\"url\":\"https:\\\/\\\/www.armandotesta.it\\\/it\\\/\",\"logo\":{\"@type\":\"ImageObject\",\"inLanguage\":\"it-IT\",\"@id\":\"https:\\\/\\\/www.armandotesta.it\\\/it\\\/#\\\/schema\\\/logo\\\/image\\\/\",\"url\":\"https:\\\/\\\/www.armandotesta.it\\\/wp-content\\\/uploads\\\/2024\\\/01\\\/logo-at.png\",\"contentUrl\":\"https:\\\/\\\/www.armandotesta.it\\\/wp-content\\\/uploads\\\/2024\\\/01\\\/logo-at.png\",\"width\":200,\"height\":200,\"caption\":\"Armando Testa\"},\"image\":{\"@id\":\"https:\\\/\\\/www.armandotesta.it\\\/it\\\/#\\\/schema\\\/logo\\\/image\\\/\"}},{\"@type\":\"Person\",\"@id\":\"https:\\\/\\\/www.armandotesta.it\\\/it\\\/#\\\/schema\\\/person\\\/46d1d2d167e5f7b857761f0d5183a848\",\"name\":\"admAT\",\"image\":{\"@type\":\"ImageObject\",\"inLanguage\":\"it-IT\",\"@id\":\"https:\\\/\\\/secure.gravatar.com\\\/avatar\\\/9772e708d87105ee06ea2e627102fade92688c33bb2e0083a7a18b56280f7239?s=96&d=mm&r=g\",\"url\":\"https:\\\/\\\/secure.gravatar.com\\\/avatar\\\/9772e708d87105ee06ea2e627102fade92688c33bb2e0083a7a18b56280f7239?s=96&d=mm&r=g\",\"contentUrl\":\"https:\\\/\\\/secure.gravatar.com\\\/avatar\\\/9772e708d87105ee06ea2e627102fade92688c33bb2e0083a7a18b56280f7239?s=96&d=mm&r=g\",\"caption\":\"admAT\"},\"sameAs\":[\"https:\\\/\\\/www.armandotesta.it\"],\"url\":\"https:\\\/\\\/www.armandotesta.it\\\/it\\\/author\\\/admat\\\/\"}]}<\/script>\n<!-- \/ Yoast SEO plugin. -->","yoast_head_json":{"title":"\u00c8 \u201cCACCIA AL BACIO\u201d PER EMMA MARRONE. ARMANDO TESTA LANCIA SUL WEB IL SAN VALENTINO DI BACI PERUGINA. AL VIA ANCHE IL CONCORSO PER VINCERE UN INCONTRO ESCLUSIVO CON EMMA - Armando Testa","robots":{"index":"index","follow":"follow","max-snippet":"max-snippet:-1","max-image-preview":"max-image-preview:large","max-video-preview":"max-video-preview:-1"},"canonical":"https:\/\/www.armandotesta.it\/it\/e-caccia-al-bacio-per-emma-marrone-armando-testa-lancia-sul-web-il-san-valentino-di-baci-perugina-al-via-anche-il-concorso-per-vincere-un-incontro-esclusivo-con-emma\/","og_locale":"it_IT","og_type":"article","og_title":"\u00c8 \u201cCACCIA AL BACIO\u201d PER EMMA MARRONE. ARMANDO TESTA LANCIA SUL WEB IL SAN VALENTINO DI BACI PERUGINA. AL VIA ANCHE IL CONCORSO PER VINCERE UN INCONTRO ESCLUSIVO CON EMMA - Armando Testa","og_description":"Uno studio di registrazione importante e suggestivo, le \u201cOfficine Meccaniche\u201d di Milano, diventa la location del video di lancio del San Valentino di Baci Perugina","og_url":"https:\/\/www.armandotesta.it\/it\/e-caccia-al-bacio-per-emma-marrone-armando-testa-lancia-sul-web-il-san-valentino-di-baci-perugina-al-via-anche-il-concorso-per-vincere-un-incontro-esclusivo-con-emma\/","og_site_name":"Armando Testa","article_published_time":"2018-01-29T11:00:00+00:00","article_modified_time":"2024-06-04T13:37:58+00:00","og_image":[{"width":768,"height":1024,"url":"https:\/\/www.armandotesta.it\/wp-content\/uploads\/2024\/06\/271131-Emma-4b9f58-original-1517416740.jpg","type":"image\/jpeg"}],"author":"admAT","twitter_card":"summary_large_image","twitter_misc":{"Scritto da":"admAT","Tempo di lettura stimato":"2 minuti"},"schema":{"@context":"https:\/\/schema.org","@graph":[{"@type":"Article","@id":"https:\/\/www.armandotesta.it\/it\/e-caccia-al-bacio-per-emma-marrone-armando-testa-lancia-sul-web-il-san-valentino-di-baci-perugina-al-via-anche-il-concorso-per-vincere-un-incontro-esclusivo-con-emma\/#article","isPartOf":{"@id":"https:\/\/www.armandotesta.it\/it\/e-caccia-al-bacio-per-emma-marrone-armando-testa-lancia-sul-web-il-san-valentino-di-baci-perugina-al-via-anche-il-concorso-per-vincere-un-incontro-esclusivo-con-emma\/"},"author":{"name":"admAT","@id":"https:\/\/www.armandotesta.it\/it\/#\/schema\/person\/46d1d2d167e5f7b857761f0d5183a848"},"headline":"\u00c8 \u201cCACCIA AL BACIO\u201d PER EMMA MARRONE. ARMANDO TESTA LANCIA SUL WEB IL SAN VALENTINO DI BACI PERUGINA. AL VIA ANCHE IL CONCORSO PER VINCERE UN INCONTRO ESCLUSIVO CON EMMA","datePublished":"2018-01-29T11:00:00+00:00","dateModified":"2024-06-04T13:37:58+00:00","mainEntityOfPage":{"@id":"https:\/\/www.armandotesta.it\/it\/e-caccia-al-bacio-per-emma-marrone-armando-testa-lancia-sul-web-il-san-valentino-di-baci-perugina-al-via-anche-il-concorso-per-vincere-un-incontro-esclusivo-con-emma\/"},"wordCount":347,"publisher":{"@id":"https:\/\/www.armandotesta.it\/it\/#organization"},"image":{"@id":"https:\/\/www.armandotesta.it\/it\/e-caccia-al-bacio-per-emma-marrone-armando-testa-lancia-sul-web-il-san-valentino-di-baci-perugina-al-via-anche-il-concorso-per-vincere-un-incontro-esclusivo-con-emma\/#primaryimage"},"thumbnailUrl":"https:\/\/www.armandotesta.it\/wp-content\/uploads\/2024\/06\/271131-Emma-4b9f58-original-1517416740.jpg","inLanguage":"it-IT"},{"@type":"WebPage","@id":"https:\/\/www.armandotesta.it\/it\/e-caccia-al-bacio-per-emma-marrone-armando-testa-lancia-sul-web-il-san-valentino-di-baci-perugina-al-via-anche-il-concorso-per-vincere-un-incontro-esclusivo-con-emma\/","url":"https:\/\/www.armandotesta.it\/it\/e-caccia-al-bacio-per-emma-marrone-armando-testa-lancia-sul-web-il-san-valentino-di-baci-perugina-al-via-anche-il-concorso-per-vincere-un-incontro-esclusivo-con-emma\/","name":"\u00c8 \u201cCACCIA AL BACIO\u201d PER EMMA MARRONE. ARMANDO TESTA LANCIA SUL WEB IL SAN VALENTINO DI BACI PERUGINA. AL VIA ANCHE IL CONCORSO PER VINCERE UN INCONTRO ESCLUSIVO CON EMMA - Armando Testa","isPartOf":{"@id":"https:\/\/www.armandotesta.it\/it\/#website"},"primaryImageOfPage":{"@id":"https:\/\/www.armandotesta.it\/it\/e-caccia-al-bacio-per-emma-marrone-armando-testa-lancia-sul-web-il-san-valentino-di-baci-perugina-al-via-anche-il-concorso-per-vincere-un-incontro-esclusivo-con-emma\/#primaryimage"},"image":{"@id":"https:\/\/www.armandotesta.it\/it\/e-caccia-al-bacio-per-emma-marrone-armando-testa-lancia-sul-web-il-san-valentino-di-baci-perugina-al-via-anche-il-concorso-per-vincere-un-incontro-esclusivo-con-emma\/#primaryimage"},"thumbnailUrl":"https:\/\/www.armandotesta.it\/wp-content\/uploads\/2024\/06\/271131-Emma-4b9f58-original-1517416740.jpg","datePublished":"2018-01-29T11:00:00+00:00","dateModified":"2024-06-04T13:37:58+00:00","breadcrumb":{"@id":"https:\/\/www.armandotesta.it\/it\/e-caccia-al-bacio-per-emma-marrone-armando-testa-lancia-sul-web-il-san-valentino-di-baci-perugina-al-via-anche-il-concorso-per-vincere-un-incontro-esclusivo-con-emma\/#breadcrumb"},"inLanguage":"it-IT","potentialAction":[{"@type":"ReadAction","target":["https:\/\/www.armandotesta.it\/it\/e-caccia-al-bacio-per-emma-marrone-armando-testa-lancia-sul-web-il-san-valentino-di-baci-perugina-al-via-anche-il-concorso-per-vincere-un-incontro-esclusivo-con-emma\/"]}]},{"@type":"ImageObject","inLanguage":"it-IT","@id":"https:\/\/www.armandotesta.it\/it\/e-caccia-al-bacio-per-emma-marrone-armando-testa-lancia-sul-web-il-san-valentino-di-baci-perugina-al-via-anche-il-concorso-per-vincere-un-incontro-esclusivo-con-emma\/#primaryimage","url":"https:\/\/www.armandotesta.it\/wp-content\/uploads\/2024\/06\/271131-Emma-4b9f58-original-1517416740.jpg","contentUrl":"https:\/\/www.armandotesta.it\/wp-content\/uploads\/2024\/06\/271131-Emma-4b9f58-original-1517416740.jpg","width":768,"height":1024},{"@type":"BreadcrumbList","@id":"https:\/\/www.armandotesta.it\/it\/e-caccia-al-bacio-per-emma-marrone-armando-testa-lancia-sul-web-il-san-valentino-di-baci-perugina-al-via-anche-il-concorso-per-vincere-un-incontro-esclusivo-con-emma\/#breadcrumb","itemListElement":[{"@type":"ListItem","position":1,"name":"Home","item":"https:\/\/www.armandotesta.it\/it\/"},{"@type":"ListItem","position":2,"name":"\u00c8 \u201cCACCIA AL BACIO\u201d PER EMMA MARRONE. ARMANDO TESTA LANCIA SUL WEB IL SAN VALENTINO DI BACI PERUGINA. AL VIA ANCHE IL CONCORSO PER VINCERE UN INCONTRO ESCLUSIVO CON EMMA"}]},{"@type":"WebSite","@id":"https:\/\/www.armandotesta.it\/it\/#website","url":"https:\/\/www.armandotesta.it\/it\/","name":"Armando Testa","description":"","publisher":{"@id":"https:\/\/www.armandotesta.it\/it\/#organization"},"potentialAction":[{"@type":"SearchAction","target":{"@type":"EntryPoint","urlTemplate":"https:\/\/www.armandotesta.it\/it\/?s={search_term_string}"},"query-input":{"@type":"PropertyValueSpecification","valueRequired":true,"valueName":"search_term_string"}}],"inLanguage":"it-IT"},{"@type":"Organization","@id":"https:\/\/www.armandotesta.it\/it\/#organization","name":"Armando Testa","url":"https:\/\/www.armandotesta.it\/it\/","logo":{"@type":"ImageObject","inLanguage":"it-IT","@id":"https:\/\/www.armandotesta.it\/it\/#\/schema\/logo\/image\/","url":"https:\/\/www.armandotesta.it\/wp-content\/uploads\/2024\/01\/logo-at.png","contentUrl":"https:\/\/www.armandotesta.it\/wp-content\/uploads\/2024\/01\/logo-at.png","width":200,"height":200,"caption":"Armando Testa"},"image":{"@id":"https:\/\/www.armandotesta.it\/it\/#\/schema\/logo\/image\/"}},{"@type":"Person","@id":"https:\/\/www.armandotesta.it\/it\/#\/schema\/person\/46d1d2d167e5f7b857761f0d5183a848","name":"admAT","image":{"@type":"ImageObject","inLanguage":"it-IT","@id":"https:\/\/secure.gravatar.com\/avatar\/9772e708d87105ee06ea2e627102fade92688c33bb2e0083a7a18b56280f7239?s=96&d=mm&r=g","url":"https:\/\/secure.gravatar.com\/avatar\/9772e708d87105ee06ea2e627102fade92688c33bb2e0083a7a18b56280f7239?s=96&d=mm&r=g","contentUrl":"https:\/\/secure.gravatar.com\/avatar\/9772e708d87105ee06ea2e627102fade92688c33bb2e0083a7a18b56280f7239?s=96&d=mm&r=g","caption":"admAT"},"sameAs":["https:\/\/www.armandotesta.it"],"url":"https:\/\/www.armandotesta.it\/it\/author\/admat\/"}]}},"_links":{"self":[{"href":"https:\/\/www.armandotesta.it\/it\/wp-json\/wp\/v2\/posts\/23425","targetHints":{"allow":["GET"]}}],"collection":[{"href":"https:\/\/www.armandotesta.it\/it\/wp-json\/wp\/v2\/posts"}],"about":[{"href":"https:\/\/www.armandotesta.it\/it\/wp-json\/wp\/v2\/types\/post"}],"author":[{"embeddable":true,"href":"https:\/\/www.armandotesta.it\/it\/wp-json\/wp\/v2\/users\/1"}],"replies":[{"embeddable":true,"href":"https:\/\/www.armandotesta.it\/it\/wp-json\/wp\/v2\/comments?post=23425"}],"version-history":[{"count":1,"href":"https:\/\/www.armandotesta.it\/it\/wp-json\/wp\/v2\/posts\/23425\/revisions"}],"predecessor-version":[{"id":24973,"href":"https:\/\/www.armandotesta.it\/it\/wp-json\/wp\/v2\/posts\/23425\/revisions\/24973"}],"wp:featuredmedia":[{"embeddable":true,"href":"https:\/\/www.armandotesta.it\/it\/wp-json\/wp\/v2\/media\/19526"}],"wp:attachment":[{"href":"https:\/\/www.armandotesta.it\/it\/wp-json\/wp\/v2\/media?parent=23425"}],"wp:term":[{"taxonomy":"category","embeddable":true,"href":"https:\/\/www.armandotesta.it\/it\/wp-json\/wp\/v2\/categories?post=23425"},{"taxonomy":"post_tag","embeddable":true,"href":"https:\/\/www.armandotesta.it\/it\/wp-json\/wp\/v2\/tags?post=23425"}],"curies":[{"name":"wp","href":"https:\/\/api.w.org\/{rel}","templated":true}]}}