{"id":23382,"date":"2019-02-11T09:00:00","date_gmt":"2019-02-11T08:00:00","guid":{"rendered":"https:\/\/www.armandotesta.it\/segui-i-tuoi-sogni-sempre-la-nuova-campagna-pan-di-stelle-si-accende-con-armando-testa\/"},"modified":"2024-06-04T15:37:46","modified_gmt":"2024-06-04T13:37:46","slug":"segui-i-tuoi-sogni-sempre-la-nuova-campagna-pan-di-stelle-si-accende-con-armando-testa","status":"publish","type":"post","link":"https:\/\/www.armandotesta.it\/it\/segui-i-tuoi-sogni-sempre-la-nuova-campagna-pan-di-stelle-si-accende-con-armando-testa\/","title":{"rendered":"SEGUI I TUOI SOGNI SEMPRE.  LA NUOVA CAMPAGNA PAN DI STELLE SI ACCENDE CON ARMANDO TESTA."},"content":{"rendered":"<p>Segui i tuoi sogni sempre, perch\u00e9 i sogni pi\u00f9 fantastici dell\u2019universo sono quelli che hai dentro. Con questo messaggio bello e importante Pan di Stelle torna in comunicazione con due film dedicati all\u2019iconico biscotto.<\/p><p>La campagna, firmata Armando Testa che da anni segue la comunicazione del brand, prende il via da domenica 10 febbraio sulle principali emittenti e sul web, con il primo dei due soggetti.<\/p><p>Fin dal primo istante la poesia del tratto animato -inaugurata con Nyma nella campagna \u201cUn sogno chiamato cacao&#8221;- ci immerge nel mondo iconico di Pan di Stelle. Piccoli grandi sogni raccontati dalla voce dei protagonisti, fatti di relazioni autentiche e sentimenti veri. Se \u00e8 vero che credere nei sogni \u00e8 importante, credere nei propri, accenderli e seguirli lo \u00e8 ancora di pi\u00f9.<\/p><p>E poi un trionfo di cacao, nocciole e latte fresco, cos\u00ec vicini che sembra di sentirne il profumo.<\/p><p>E infine, quel piccolo momento prezioso e magico che \u00e8 la prima colazione, raccontata con la stessa delicatezza e la stessa autenticit\u00e0 delle immagini che l\u2019hanno preceduta.<\/p><p>Sulle note di \u201cA million dreams\u201d, una delle canzoni pi\u00f9 belle mai scritte sull\u2019importanza di credere nei propri sogni, una nuova campagna con un sapore speciale, proprio come quello di Pan di Stelle.<\/p><p>Direzione creativa: Michela Sartorio e Monica Pirocca<\/p><p>Team creativo: Michela Sartorio, Monica Pirocca, Laura Sironi, Marta Agostini<\/p><p>Account Director: Benedetta Buzzoni<\/p><p>Account Executive: Federica Drogo<\/p><p>Casa di produzione: BRW Filmland<\/p><p>Animazione: Margherita Premuroso<\/p><p>Regia Live: Matteo Sironi<\/p><p>Regia Food: Vittorio Sacco<\/p><p>Musica: A million dreams &#8211; Alexandra Porat<\/p>\n\n<ul class=\"wp-block-gallery columns-1 is-cropped wp-block-gallery-1 is-layout-flex wp-block-gallery-is-layout-flex\">\n<li class=\"blocks-gallery-item\">\n   <figure>\n  <a href=\"https:\/\/newsroom.armandotesta.it\/\/wp-content\/uploads\/2019\/03\/303226-FRAMES_VOLARE00002179-55df5a-original-1549878202.jpg\">\n   <img decoding=\"async\" src=\"https:\/\/newsroom.armandotesta.it\/\/wp-content\/uploads\/2019\/03\/303226-FRAMES_VOLARE00002179-55df5a-original-1549878202.jpg\" \n       alt=\"\" \n      data-link=\"https:\/\/newsroom.armandotesta.it\/\/wp-content\/uploads\/2019\/03\/303226-FRAMES_VOLARE00002179-55df5a-original-1549878202.jpg\" \n     class=\"td-modal-image\"\/>\n  <\/a>\n  <\/figure>\n <\/li><\/ul>\n\n\n<figure class=\"wp-block-embed-youtube wp-block-embed is-type-video is-provider-youtube wp-embed-aspect-16-9 wp-has-aspect-ratio\"><div class=\"wp-block-embed__wrapper\">\n<iframe loading=\"lazy\" title=\"Barilla Mulino Bianco Pan di Stelle Biscotto\" width=\"500\" height=\"281\" src=\"https:\/\/www.youtube.com\/embed\/Tz1xhpSyiD4?feature=oembed\" frameborder=\"0\" allow=\"accelerometer; autoplay; clipboard-write; encrypted-media; gyroscope; picture-in-picture; web-share\" referrerpolicy=\"strict-origin-when-cross-origin\" allowfullscreen><\/iframe>\n<\/div>\n<\/figure>\n","protected":false},"excerpt":{"rendered":"<p>La campagna, firmata Armando Testa che da anni segue la comunicazione del brand, prende il via da domenica 10 febbraio sulle principali emittenti e sul web, con il primo dei due soggetti.<\/p>\n","protected":false},"author":1,"featured_media":20039,"comment_status":"closed","ping_status":"closed","sticky":false,"template":"","format":"standard","meta":{"_acf_changed":false,"inline_featured_image":false,"footnotes":""},"categories":[],"tags":[],"class_list":["post-23382","post","type-post","status-publish","format-standard","has-post-thumbnail","hentry"],"acf":false,"yoast_head":"<!-- This site is optimized with the Yoast SEO plugin v27.5 - https:\/\/yoast.com\/product\/yoast-seo-wordpress\/ -->\n<title>SEGUI I TUOI SOGNI SEMPRE. LA NUOVA CAMPAGNA PAN DI STELLE SI ACCENDE CON ARMANDO TESTA. - Armando Testa<\/title>\n<meta name=\"robots\" content=\"index, follow, max-snippet:-1, max-image-preview:large, max-video-preview:-1\" \/>\n<link rel=\"canonical\" href=\"https:\/\/www.armandotesta.it\/it\/segui-i-tuoi-sogni-sempre-la-nuova-campagna-pan-di-stelle-si-accende-con-armando-testa\/\" \/>\n<meta property=\"og:locale\" content=\"it_IT\" \/>\n<meta property=\"og:type\" content=\"article\" \/>\n<meta property=\"og:title\" content=\"SEGUI I TUOI SOGNI SEMPRE. LA NUOVA CAMPAGNA PAN DI STELLE SI ACCENDE CON ARMANDO TESTA. - Armando Testa\" \/>\n<meta property=\"og:description\" content=\"La campagna, firmata Armando Testa che da anni segue la comunicazione del brand, prende il via da domenica 10 febbraio sulle principali emittenti e sul web, con il primo dei due soggetti.\" \/>\n<meta property=\"og:url\" content=\"https:\/\/www.armandotesta.it\/it\/segui-i-tuoi-sogni-sempre-la-nuova-campagna-pan-di-stelle-si-accende-con-armando-testa\/\" \/>\n<meta property=\"og:site_name\" content=\"Armando Testa\" \/>\n<meta property=\"article:published_time\" content=\"2019-02-11T08:00:00+00:00\" \/>\n<meta property=\"article:modified_time\" content=\"2024-06-04T13:37:46+00:00\" \/>\n<meta property=\"og:image\" content=\"https:\/\/www.armandotesta.it\/wp-content\/uploads\/2024\/06\/303227-FRAMES_VOLARE00002291-63de77-original-1549878221.jpg\" \/>\n\t<meta property=\"og:image:width\" content=\"1920\" \/>\n\t<meta property=\"og:image:height\" content=\"1080\" \/>\n\t<meta property=\"og:image:type\" content=\"image\/jpeg\" \/>\n<meta name=\"author\" content=\"admAT\" \/>\n<meta name=\"twitter:card\" content=\"summary_large_image\" \/>\n<meta name=\"twitter:label1\" content=\"Scritto da\" \/>\n\t<meta name=\"twitter:data1\" content=\"admAT\" \/>\n\t<meta name=\"twitter:label2\" content=\"Tempo di lettura stimato\" \/>\n\t<meta name=\"twitter:data2\" content=\"1 minuto\" \/>\n<script type=\"application\/ld+json\" class=\"yoast-schema-graph\">{\"@context\":\"https:\\\/\\\/schema.org\",\"@graph\":[{\"@type\":\"Article\",\"@id\":\"https:\\\/\\\/www.armandotesta.it\\\/it\\\/segui-i-tuoi-sogni-sempre-la-nuova-campagna-pan-di-stelle-si-accende-con-armando-testa\\\/#article\",\"isPartOf\":{\"@id\":\"https:\\\/\\\/www.armandotesta.it\\\/it\\\/segui-i-tuoi-sogni-sempre-la-nuova-campagna-pan-di-stelle-si-accende-con-armando-testa\\\/\"},\"author\":{\"name\":\"admAT\",\"@id\":\"https:\\\/\\\/www.armandotesta.it\\\/it\\\/#\\\/schema\\\/person\\\/46d1d2d167e5f7b857761f0d5183a848\"},\"headline\":\"SEGUI I TUOI SOGNI SEMPRE. LA NUOVA CAMPAGNA PAN DI STELLE SI ACCENDE CON ARMANDO TESTA.\",\"datePublished\":\"2019-02-11T08:00:00+00:00\",\"dateModified\":\"2024-06-04T13:37:46+00:00\",\"mainEntityOfPage\":{\"@id\":\"https:\\\/\\\/www.armandotesta.it\\\/it\\\/segui-i-tuoi-sogni-sempre-la-nuova-campagna-pan-di-stelle-si-accende-con-armando-testa\\\/\"},\"wordCount\":281,\"publisher\":{\"@id\":\"https:\\\/\\\/www.armandotesta.it\\\/it\\\/#organization\"},\"image\":{\"@id\":\"https:\\\/\\\/www.armandotesta.it\\\/it\\\/segui-i-tuoi-sogni-sempre-la-nuova-campagna-pan-di-stelle-si-accende-con-armando-testa\\\/#primaryimage\"},\"thumbnailUrl\":\"https:\\\/\\\/www.armandotesta.it\\\/wp-content\\\/uploads\\\/2024\\\/06\\\/303227-FRAMES_VOLARE00002291-63de77-original-1549878221.jpg\",\"inLanguage\":\"it-IT\"},{\"@type\":\"WebPage\",\"@id\":\"https:\\\/\\\/www.armandotesta.it\\\/it\\\/segui-i-tuoi-sogni-sempre-la-nuova-campagna-pan-di-stelle-si-accende-con-armando-testa\\\/\",\"url\":\"https:\\\/\\\/www.armandotesta.it\\\/it\\\/segui-i-tuoi-sogni-sempre-la-nuova-campagna-pan-di-stelle-si-accende-con-armando-testa\\\/\",\"name\":\"SEGUI I TUOI SOGNI SEMPRE. LA NUOVA CAMPAGNA PAN DI STELLE SI ACCENDE CON ARMANDO TESTA. - Armando Testa\",\"isPartOf\":{\"@id\":\"https:\\\/\\\/www.armandotesta.it\\\/it\\\/#website\"},\"primaryImageOfPage\":{\"@id\":\"https:\\\/\\\/www.armandotesta.it\\\/it\\\/segui-i-tuoi-sogni-sempre-la-nuova-campagna-pan-di-stelle-si-accende-con-armando-testa\\\/#primaryimage\"},\"image\":{\"@id\":\"https:\\\/\\\/www.armandotesta.it\\\/it\\\/segui-i-tuoi-sogni-sempre-la-nuova-campagna-pan-di-stelle-si-accende-con-armando-testa\\\/#primaryimage\"},\"thumbnailUrl\":\"https:\\\/\\\/www.armandotesta.it\\\/wp-content\\\/uploads\\\/2024\\\/06\\\/303227-FRAMES_VOLARE00002291-63de77-original-1549878221.jpg\",\"datePublished\":\"2019-02-11T08:00:00+00:00\",\"dateModified\":\"2024-06-04T13:37:46+00:00\",\"breadcrumb\":{\"@id\":\"https:\\\/\\\/www.armandotesta.it\\\/it\\\/segui-i-tuoi-sogni-sempre-la-nuova-campagna-pan-di-stelle-si-accende-con-armando-testa\\\/#breadcrumb\"},\"inLanguage\":\"it-IT\",\"potentialAction\":[{\"@type\":\"ReadAction\",\"target\":[\"https:\\\/\\\/www.armandotesta.it\\\/it\\\/segui-i-tuoi-sogni-sempre-la-nuova-campagna-pan-di-stelle-si-accende-con-armando-testa\\\/\"]}]},{\"@type\":\"ImageObject\",\"inLanguage\":\"it-IT\",\"@id\":\"https:\\\/\\\/www.armandotesta.it\\\/it\\\/segui-i-tuoi-sogni-sempre-la-nuova-campagna-pan-di-stelle-si-accende-con-armando-testa\\\/#primaryimage\",\"url\":\"https:\\\/\\\/www.armandotesta.it\\\/wp-content\\\/uploads\\\/2024\\\/06\\\/303227-FRAMES_VOLARE00002291-63de77-original-1549878221.jpg\",\"contentUrl\":\"https:\\\/\\\/www.armandotesta.it\\\/wp-content\\\/uploads\\\/2024\\\/06\\\/303227-FRAMES_VOLARE00002291-63de77-original-1549878221.jpg\",\"width\":1920,\"height\":1080},{\"@type\":\"BreadcrumbList\",\"@id\":\"https:\\\/\\\/www.armandotesta.it\\\/it\\\/segui-i-tuoi-sogni-sempre-la-nuova-campagna-pan-di-stelle-si-accende-con-armando-testa\\\/#breadcrumb\",\"itemListElement\":[{\"@type\":\"ListItem\",\"position\":1,\"name\":\"Home\",\"item\":\"https:\\\/\\\/www.armandotesta.it\\\/it\\\/\"},{\"@type\":\"ListItem\",\"position\":2,\"name\":\"SEGUI I TUOI SOGNI SEMPRE. LA NUOVA CAMPAGNA PAN DI STELLE SI ACCENDE CON ARMANDO TESTA.\"}]},{\"@type\":\"WebSite\",\"@id\":\"https:\\\/\\\/www.armandotesta.it\\\/it\\\/#website\",\"url\":\"https:\\\/\\\/www.armandotesta.it\\\/it\\\/\",\"name\":\"Armando Testa\",\"description\":\"\",\"publisher\":{\"@id\":\"https:\\\/\\\/www.armandotesta.it\\\/it\\\/#organization\"},\"potentialAction\":[{\"@type\":\"SearchAction\",\"target\":{\"@type\":\"EntryPoint\",\"urlTemplate\":\"https:\\\/\\\/www.armandotesta.it\\\/it\\\/?s={search_term_string}\"},\"query-input\":{\"@type\":\"PropertyValueSpecification\",\"valueRequired\":true,\"valueName\":\"search_term_string\"}}],\"inLanguage\":\"it-IT\"},{\"@type\":\"Organization\",\"@id\":\"https:\\\/\\\/www.armandotesta.it\\\/it\\\/#organization\",\"name\":\"Armando Testa\",\"url\":\"https:\\\/\\\/www.armandotesta.it\\\/it\\\/\",\"logo\":{\"@type\":\"ImageObject\",\"inLanguage\":\"it-IT\",\"@id\":\"https:\\\/\\\/www.armandotesta.it\\\/it\\\/#\\\/schema\\\/logo\\\/image\\\/\",\"url\":\"https:\\\/\\\/www.armandotesta.it\\\/wp-content\\\/uploads\\\/2024\\\/01\\\/logo-at.png\",\"contentUrl\":\"https:\\\/\\\/www.armandotesta.it\\\/wp-content\\\/uploads\\\/2024\\\/01\\\/logo-at.png\",\"width\":200,\"height\":200,\"caption\":\"Armando Testa\"},\"image\":{\"@id\":\"https:\\\/\\\/www.armandotesta.it\\\/it\\\/#\\\/schema\\\/logo\\\/image\\\/\"}},{\"@type\":\"Person\",\"@id\":\"https:\\\/\\\/www.armandotesta.it\\\/it\\\/#\\\/schema\\\/person\\\/46d1d2d167e5f7b857761f0d5183a848\",\"name\":\"admAT\",\"image\":{\"@type\":\"ImageObject\",\"inLanguage\":\"it-IT\",\"@id\":\"https:\\\/\\\/secure.gravatar.com\\\/avatar\\\/9772e708d87105ee06ea2e627102fade92688c33bb2e0083a7a18b56280f7239?s=96&d=mm&r=g\",\"url\":\"https:\\\/\\\/secure.gravatar.com\\\/avatar\\\/9772e708d87105ee06ea2e627102fade92688c33bb2e0083a7a18b56280f7239?s=96&d=mm&r=g\",\"contentUrl\":\"https:\\\/\\\/secure.gravatar.com\\\/avatar\\\/9772e708d87105ee06ea2e627102fade92688c33bb2e0083a7a18b56280f7239?s=96&d=mm&r=g\",\"caption\":\"admAT\"},\"sameAs\":[\"https:\\\/\\\/www.armandotesta.it\"],\"url\":\"https:\\\/\\\/www.armandotesta.it\\\/it\\\/author\\\/admat\\\/\"}]}<\/script>\n<!-- \/ Yoast SEO plugin. -->","yoast_head_json":{"title":"SEGUI I TUOI SOGNI SEMPRE. LA NUOVA CAMPAGNA PAN DI STELLE SI ACCENDE CON ARMANDO TESTA. - Armando Testa","robots":{"index":"index","follow":"follow","max-snippet":"max-snippet:-1","max-image-preview":"max-image-preview:large","max-video-preview":"max-video-preview:-1"},"canonical":"https:\/\/www.armandotesta.it\/it\/segui-i-tuoi-sogni-sempre-la-nuova-campagna-pan-di-stelle-si-accende-con-armando-testa\/","og_locale":"it_IT","og_type":"article","og_title":"SEGUI I TUOI SOGNI SEMPRE. LA NUOVA CAMPAGNA PAN DI STELLE SI ACCENDE CON ARMANDO TESTA. - Armando Testa","og_description":"La campagna, firmata Armando Testa che da anni segue la comunicazione del brand, prende il via da domenica 10 febbraio sulle principali emittenti e sul web, con il primo dei due soggetti.","og_url":"https:\/\/www.armandotesta.it\/it\/segui-i-tuoi-sogni-sempre-la-nuova-campagna-pan-di-stelle-si-accende-con-armando-testa\/","og_site_name":"Armando Testa","article_published_time":"2019-02-11T08:00:00+00:00","article_modified_time":"2024-06-04T13:37:46+00:00","og_image":[{"width":1920,"height":1080,"url":"https:\/\/www.armandotesta.it\/wp-content\/uploads\/2024\/06\/303227-FRAMES_VOLARE00002291-63de77-original-1549878221.jpg","type":"image\/jpeg"}],"author":"admAT","twitter_card":"summary_large_image","twitter_misc":{"Scritto da":"admAT","Tempo di lettura stimato":"1 minuto"},"schema":{"@context":"https:\/\/schema.org","@graph":[{"@type":"Article","@id":"https:\/\/www.armandotesta.it\/it\/segui-i-tuoi-sogni-sempre-la-nuova-campagna-pan-di-stelle-si-accende-con-armando-testa\/#article","isPartOf":{"@id":"https:\/\/www.armandotesta.it\/it\/segui-i-tuoi-sogni-sempre-la-nuova-campagna-pan-di-stelle-si-accende-con-armando-testa\/"},"author":{"name":"admAT","@id":"https:\/\/www.armandotesta.it\/it\/#\/schema\/person\/46d1d2d167e5f7b857761f0d5183a848"},"headline":"SEGUI I TUOI SOGNI SEMPRE. LA NUOVA CAMPAGNA PAN DI STELLE SI ACCENDE CON ARMANDO TESTA.","datePublished":"2019-02-11T08:00:00+00:00","dateModified":"2024-06-04T13:37:46+00:00","mainEntityOfPage":{"@id":"https:\/\/www.armandotesta.it\/it\/segui-i-tuoi-sogni-sempre-la-nuova-campagna-pan-di-stelle-si-accende-con-armando-testa\/"},"wordCount":281,"publisher":{"@id":"https:\/\/www.armandotesta.it\/it\/#organization"},"image":{"@id":"https:\/\/www.armandotesta.it\/it\/segui-i-tuoi-sogni-sempre-la-nuova-campagna-pan-di-stelle-si-accende-con-armando-testa\/#primaryimage"},"thumbnailUrl":"https:\/\/www.armandotesta.it\/wp-content\/uploads\/2024\/06\/303227-FRAMES_VOLARE00002291-63de77-original-1549878221.jpg","inLanguage":"it-IT"},{"@type":"WebPage","@id":"https:\/\/www.armandotesta.it\/it\/segui-i-tuoi-sogni-sempre-la-nuova-campagna-pan-di-stelle-si-accende-con-armando-testa\/","url":"https:\/\/www.armandotesta.it\/it\/segui-i-tuoi-sogni-sempre-la-nuova-campagna-pan-di-stelle-si-accende-con-armando-testa\/","name":"SEGUI I TUOI SOGNI SEMPRE. LA NUOVA CAMPAGNA PAN DI STELLE SI ACCENDE CON ARMANDO TESTA. - Armando Testa","isPartOf":{"@id":"https:\/\/www.armandotesta.it\/it\/#website"},"primaryImageOfPage":{"@id":"https:\/\/www.armandotesta.it\/it\/segui-i-tuoi-sogni-sempre-la-nuova-campagna-pan-di-stelle-si-accende-con-armando-testa\/#primaryimage"},"image":{"@id":"https:\/\/www.armandotesta.it\/it\/segui-i-tuoi-sogni-sempre-la-nuova-campagna-pan-di-stelle-si-accende-con-armando-testa\/#primaryimage"},"thumbnailUrl":"https:\/\/www.armandotesta.it\/wp-content\/uploads\/2024\/06\/303227-FRAMES_VOLARE00002291-63de77-original-1549878221.jpg","datePublished":"2019-02-11T08:00:00+00:00","dateModified":"2024-06-04T13:37:46+00:00","breadcrumb":{"@id":"https:\/\/www.armandotesta.it\/it\/segui-i-tuoi-sogni-sempre-la-nuova-campagna-pan-di-stelle-si-accende-con-armando-testa\/#breadcrumb"},"inLanguage":"it-IT","potentialAction":[{"@type":"ReadAction","target":["https:\/\/www.armandotesta.it\/it\/segui-i-tuoi-sogni-sempre-la-nuova-campagna-pan-di-stelle-si-accende-con-armando-testa\/"]}]},{"@type":"ImageObject","inLanguage":"it-IT","@id":"https:\/\/www.armandotesta.it\/it\/segui-i-tuoi-sogni-sempre-la-nuova-campagna-pan-di-stelle-si-accende-con-armando-testa\/#primaryimage","url":"https:\/\/www.armandotesta.it\/wp-content\/uploads\/2024\/06\/303227-FRAMES_VOLARE00002291-63de77-original-1549878221.jpg","contentUrl":"https:\/\/www.armandotesta.it\/wp-content\/uploads\/2024\/06\/303227-FRAMES_VOLARE00002291-63de77-original-1549878221.jpg","width":1920,"height":1080},{"@type":"BreadcrumbList","@id":"https:\/\/www.armandotesta.it\/it\/segui-i-tuoi-sogni-sempre-la-nuova-campagna-pan-di-stelle-si-accende-con-armando-testa\/#breadcrumb","itemListElement":[{"@type":"ListItem","position":1,"name":"Home","item":"https:\/\/www.armandotesta.it\/it\/"},{"@type":"ListItem","position":2,"name":"SEGUI I TUOI SOGNI SEMPRE. LA NUOVA CAMPAGNA PAN DI STELLE SI ACCENDE CON ARMANDO TESTA."}]},{"@type":"WebSite","@id":"https:\/\/www.armandotesta.it\/it\/#website","url":"https:\/\/www.armandotesta.it\/it\/","name":"Armando Testa","description":"","publisher":{"@id":"https:\/\/www.armandotesta.it\/it\/#organization"},"potentialAction":[{"@type":"SearchAction","target":{"@type":"EntryPoint","urlTemplate":"https:\/\/www.armandotesta.it\/it\/?s={search_term_string}"},"query-input":{"@type":"PropertyValueSpecification","valueRequired":true,"valueName":"search_term_string"}}],"inLanguage":"it-IT"},{"@type":"Organization","@id":"https:\/\/www.armandotesta.it\/it\/#organization","name":"Armando Testa","url":"https:\/\/www.armandotesta.it\/it\/","logo":{"@type":"ImageObject","inLanguage":"it-IT","@id":"https:\/\/www.armandotesta.it\/it\/#\/schema\/logo\/image\/","url":"https:\/\/www.armandotesta.it\/wp-content\/uploads\/2024\/01\/logo-at.png","contentUrl":"https:\/\/www.armandotesta.it\/wp-content\/uploads\/2024\/01\/logo-at.png","width":200,"height":200,"caption":"Armando Testa"},"image":{"@id":"https:\/\/www.armandotesta.it\/it\/#\/schema\/logo\/image\/"}},{"@type":"Person","@id":"https:\/\/www.armandotesta.it\/it\/#\/schema\/person\/46d1d2d167e5f7b857761f0d5183a848","name":"admAT","image":{"@type":"ImageObject","inLanguage":"it-IT","@id":"https:\/\/secure.gravatar.com\/avatar\/9772e708d87105ee06ea2e627102fade92688c33bb2e0083a7a18b56280f7239?s=96&d=mm&r=g","url":"https:\/\/secure.gravatar.com\/avatar\/9772e708d87105ee06ea2e627102fade92688c33bb2e0083a7a18b56280f7239?s=96&d=mm&r=g","contentUrl":"https:\/\/secure.gravatar.com\/avatar\/9772e708d87105ee06ea2e627102fade92688c33bb2e0083a7a18b56280f7239?s=96&d=mm&r=g","caption":"admAT"},"sameAs":["https:\/\/www.armandotesta.it"],"url":"https:\/\/www.armandotesta.it\/it\/author\/admat\/"}]}},"_links":{"self":[{"href":"https:\/\/www.armandotesta.it\/it\/wp-json\/wp\/v2\/posts\/23382","targetHints":{"allow":["GET"]}}],"collection":[{"href":"https:\/\/www.armandotesta.it\/it\/wp-json\/wp\/v2\/posts"}],"about":[{"href":"https:\/\/www.armandotesta.it\/it\/wp-json\/wp\/v2\/types\/post"}],"author":[{"embeddable":true,"href":"https:\/\/www.armandotesta.it\/it\/wp-json\/wp\/v2\/users\/1"}],"replies":[{"embeddable":true,"href":"https:\/\/www.armandotesta.it\/it\/wp-json\/wp\/v2\/comments?post=23382"}],"version-history":[{"count":1,"href":"https:\/\/www.armandotesta.it\/it\/wp-json\/wp\/v2\/posts\/23382\/revisions"}],"predecessor-version":[{"id":24949,"href":"https:\/\/www.armandotesta.it\/it\/wp-json\/wp\/v2\/posts\/23382\/revisions\/24949"}],"wp:featuredmedia":[{"embeddable":true,"href":"https:\/\/www.armandotesta.it\/it\/wp-json\/wp\/v2\/media\/20039"}],"wp:attachment":[{"href":"https:\/\/www.armandotesta.it\/it\/wp-json\/wp\/v2\/media?parent=23382"}],"wp:term":[{"taxonomy":"category","embeddable":true,"href":"https:\/\/www.armandotesta.it\/it\/wp-json\/wp\/v2\/categories?post=23382"},{"taxonomy":"post_tag","embeddable":true,"href":"https:\/\/www.armandotesta.it\/it\/wp-json\/wp\/v2\/tags?post=23382"}],"curies":[{"name":"wp","href":"https:\/\/api.w.org\/{rel}","templated":true}]}}