{"id":23353,"date":"2018-10-04T10:00:00","date_gmt":"2018-10-04T08:00:00","guid":{"rendered":"https:\/\/www.armandotesta.it\/facebook-con-armando-testa-per-lannuncio-di-nuove-possibilita-adv-nel-settore-farmaceutico\/"},"modified":"2024-06-04T15:37:39","modified_gmt":"2024-06-04T13:37:39","slug":"facebook-con-armando-testa-per-lannuncio-di-nuove-possibilita-adv-nel-settore-farmaceutico","status":"publish","type":"post","link":"https:\/\/www.armandotesta.it\/it\/facebook-con-armando-testa-per-lannuncio-di-nuove-possibilita-adv-nel-settore-farmaceutico\/","title":{"rendered":"Facebook con Armando Testa per l\u2019annuncio di nuove possibilit\u00e0 adv nel settore farmaceutico"},"content":{"rendered":"FACEBOOK CON ARMANDO TESTA PER L\u2019ANNUNCIO DI NUOVE POSSIBILIT\u00c0 ADV NEL SETTORE FARMACEUTICO <p>Grazie alle nuove Linee Guida del Ministero della Salute relative alla pubblicit\u00e0 di Farmaci Da Banco (OTC) e Dispositivi Medici senza prescrizione, da oggi anche in Italia si aprono possibilit\u00e0 pubblicitarie su Facebook e Instagram per le aziende farmaceutiche. <\/p><p>Su 31 milioni di utenti mensili di Facebook in Italia, sono 15 milioni quelli interessati a salute e benessere, 20 milioni acquistano cosmetici e 6 milioni di uomini sono interessati a fitness e cura del corpo (dati Facebook Italia, per maggiori info <a href=\"http:\/\/www.facebook.com\/business\/pharma\" target=\"_blank\" rel=\"noopener noreferrer\">www.facebook.com\/business\/pharma<\/a>), le potenzialit\u00e0 dei Social Media sono ora un\u2019opportunit\u00e0 concreta anche per le aziende farmaceutiche di raggiungere in maniera mirata il loro pubblico. <\/p><p>Dalle Storie Instagram al Carosello, sono molte le opzioni disponibili per i diversi obiettivi di marketing, lungo l&#8217;intero processo di acquisto: dall&#8217;acquisizione alla vendita.<\/p><p>Per l\u2019annuncio di questo importante cambiamento di scenario, Facebook Italia ha scelto l\u2019agenzia creativa Armando Testa che ha ideato e sviluppato una campagna multicanale. Il core assets sono stati messaggi mirati per i decision makers delle aziende farmaceutiche, raggiunti tramite Facebook, Instagram e LinkedIn con video brevi multisoggetto, dedicati alle differenti tipologie di farmaco e dispositivo medico.<\/p><p>Ad amplificare la comunicazione, pagine stampa dedicate su riviste specialistiche di settore e una station dominination nella stazione di Assago Milanofiori Nord (MI), importante posizionamento per raggiungere chi ogni giorno pianifica campagne di sponsorizzazione online per big players. <\/p><p>La campagna multisoggetto riesce in maniera semplice ed iconica a collegare hashtag comunemente usati dagli utenti sui social network a prodotti che potrebbero interessargli. <\/p><p><b>Credits Armando Testa: <\/b><\/p><p>Chief Digital Officer: Giuseppe Mayer<\/p><p>Digital Chief Creative Officer: Flavio Fabbri<\/p><p>Deputy Creative Directors: Nicola Cellemme, Georgia Ferraro<\/p><p>Creative team: Tommaso Casarini, Stefano Arrigoni, Sebastien Sardet, Fabio Camera<\/p><p>Client Service: Cristina Castelli, Martina Saddemi<\/p><p>Social Media Manager: Ludovica D\u2019Aquino<\/p>\n\n<ul class=\"wp-block-gallery columns-1 is-cropped wp-block-gallery-1 is-layout-flex wp-block-gallery-is-layout-flex\">\n<li class=\"blocks-gallery-item\">\n  <figure>\n  <a href=\"https:\/\/newsroom.armandotesta.it\/\/wp-content\/uploads\/2019\/03\/291792-300x140_Facebook_Domination_AssagoNord-b432c3-original-1539003851.jpg\">\n  <img decoding=\"async\" src=\"https:\/\/newsroom.armandotesta.it\/\/wp-content\/uploads\/2019\/03\/291792-300x140_Facebook_Domination_AssagoNord-b432c3-original-1539003851.jpg\" \n      alt=\"\" \n      data-link=\"https:\/\/newsroom.armandotesta.it\/\/wp-content\/uploads\/2019\/03\/291792-300x140_Facebook_Domination_AssagoNord-b432c3-original-1539003851.jpg\" \n        class=\"td-modal-image\"\/>\n  <\/a>\n  <\/figure>\n <\/li><\/ul>\n","protected":false},"excerpt":{"rendered":"<p>Per l\u2019annuncio di questo importante cambiamento di scenario, Facebook Italia ha scelto l\u2019agenzia creativa Armando Testa che ha ideato e sviluppato una campagna multicanale.<\/p>\n","protected":false},"author":1,"featured_media":19459,"comment_status":"closed","ping_status":"closed","sticky":false,"template":"","format":"standard","meta":{"_acf_changed":false,"inline_featured_image":false,"footnotes":""},"categories":[],"tags":[],"class_list":["post-23353","post","type-post","status-publish","format-standard","has-post-thumbnail","hentry"],"acf":false,"yoast_head":"<!-- This site is optimized with the Yoast SEO plugin v27.5 - https:\/\/yoast.com\/product\/yoast-seo-wordpress\/ -->\n<title>Facebook con Armando Testa per l\u2019annuncio di nuove possibilit\u00e0 adv nel settore farmaceutico - Armando Testa<\/title>\n<meta name=\"robots\" content=\"index, follow, max-snippet:-1, max-image-preview:large, max-video-preview:-1\" \/>\n<link rel=\"canonical\" href=\"https:\/\/www.armandotesta.it\/it\/facebook-con-armando-testa-per-lannuncio-di-nuove-possibilita-adv-nel-settore-farmaceutico\/\" \/>\n<meta property=\"og:locale\" content=\"it_IT\" \/>\n<meta property=\"og:type\" content=\"article\" \/>\n<meta property=\"og:title\" content=\"Facebook con Armando Testa per l\u2019annuncio di nuove possibilit\u00e0 adv nel settore farmaceutico - Armando Testa\" \/>\n<meta property=\"og:description\" content=\"Per l\u2019annuncio di questo importante cambiamento di scenario, Facebook Italia ha scelto l\u2019agenzia creativa Armando Testa che ha ideato e sviluppato una campagna multicanale.\" \/>\n<meta property=\"og:url\" content=\"https:\/\/www.armandotesta.it\/it\/facebook-con-armando-testa-per-lannuncio-di-nuove-possibilita-adv-nel-settore-farmaceutico\/\" \/>\n<meta property=\"og:site_name\" content=\"Armando Testa\" \/>\n<meta property=\"article:published_time\" content=\"2018-10-04T08:00:00+00:00\" \/>\n<meta property=\"article:modified_time\" content=\"2024-06-04T13:37:39+00:00\" \/>\n<meta property=\"og:image\" content=\"https:\/\/www.armandotesta.it\/wp-content\/uploads\/2024\/06\/291791-300x140_Facebook_Domination_AssagoNord6-bf015e-original-1539003851.jpg\" \/>\n\t<meta property=\"og:image:width\" content=\"1220\" \/>\n\t<meta property=\"og:image:height\" content=\"591\" \/>\n\t<meta property=\"og:image:type\" content=\"image\/jpeg\" \/>\n<meta name=\"author\" content=\"admAT\" \/>\n<meta name=\"twitter:card\" content=\"summary_large_image\" \/>\n<meta name=\"twitter:label1\" content=\"Scritto da\" \/>\n\t<meta name=\"twitter:data1\" content=\"admAT\" \/>\n\t<meta name=\"twitter:label2\" content=\"Tempo di lettura stimato\" \/>\n\t<meta name=\"twitter:data2\" content=\"2 minuti\" \/>\n<script type=\"application\/ld+json\" class=\"yoast-schema-graph\">{\"@context\":\"https:\\\/\\\/schema.org\",\"@graph\":[{\"@type\":\"Article\",\"@id\":\"https:\\\/\\\/www.armandotesta.it\\\/it\\\/facebook-con-armando-testa-per-lannuncio-di-nuove-possibilita-adv-nel-settore-farmaceutico\\\/#article\",\"isPartOf\":{\"@id\":\"https:\\\/\\\/www.armandotesta.it\\\/it\\\/facebook-con-armando-testa-per-lannuncio-di-nuove-possibilita-adv-nel-settore-farmaceutico\\\/\"},\"author\":{\"name\":\"admAT\",\"@id\":\"https:\\\/\\\/www.armandotesta.it\\\/it\\\/#\\\/schema\\\/person\\\/46d1d2d167e5f7b857761f0d5183a848\"},\"headline\":\"Facebook con Armando Testa per l\u2019annuncio di nuove possibilit\u00e0 adv nel settore farmaceutico\",\"datePublished\":\"2018-10-04T08:00:00+00:00\",\"dateModified\":\"2024-06-04T13:37:39+00:00\",\"mainEntityOfPage\":{\"@id\":\"https:\\\/\\\/www.armandotesta.it\\\/it\\\/facebook-con-armando-testa-per-lannuncio-di-nuove-possibilita-adv-nel-settore-farmaceutico\\\/\"},\"wordCount\":323,\"publisher\":{\"@id\":\"https:\\\/\\\/www.armandotesta.it\\\/it\\\/#organization\"},\"image\":{\"@id\":\"https:\\\/\\\/www.armandotesta.it\\\/it\\\/facebook-con-armando-testa-per-lannuncio-di-nuove-possibilita-adv-nel-settore-farmaceutico\\\/#primaryimage\"},\"thumbnailUrl\":\"https:\\\/\\\/www.armandotesta.it\\\/wp-content\\\/uploads\\\/2024\\\/06\\\/291791-300x140_Facebook_Domination_AssagoNord6-bf015e-original-1539003851.jpg\",\"inLanguage\":\"it-IT\"},{\"@type\":\"WebPage\",\"@id\":\"https:\\\/\\\/www.armandotesta.it\\\/it\\\/facebook-con-armando-testa-per-lannuncio-di-nuove-possibilita-adv-nel-settore-farmaceutico\\\/\",\"url\":\"https:\\\/\\\/www.armandotesta.it\\\/it\\\/facebook-con-armando-testa-per-lannuncio-di-nuove-possibilita-adv-nel-settore-farmaceutico\\\/\",\"name\":\"Facebook con Armando Testa per l\u2019annuncio di nuove possibilit\u00e0 adv nel settore farmaceutico - Armando Testa\",\"isPartOf\":{\"@id\":\"https:\\\/\\\/www.armandotesta.it\\\/it\\\/#website\"},\"primaryImageOfPage\":{\"@id\":\"https:\\\/\\\/www.armandotesta.it\\\/it\\\/facebook-con-armando-testa-per-lannuncio-di-nuove-possibilita-adv-nel-settore-farmaceutico\\\/#primaryimage\"},\"image\":{\"@id\":\"https:\\\/\\\/www.armandotesta.it\\\/it\\\/facebook-con-armando-testa-per-lannuncio-di-nuove-possibilita-adv-nel-settore-farmaceutico\\\/#primaryimage\"},\"thumbnailUrl\":\"https:\\\/\\\/www.armandotesta.it\\\/wp-content\\\/uploads\\\/2024\\\/06\\\/291791-300x140_Facebook_Domination_AssagoNord6-bf015e-original-1539003851.jpg\",\"datePublished\":\"2018-10-04T08:00:00+00:00\",\"dateModified\":\"2024-06-04T13:37:39+00:00\",\"breadcrumb\":{\"@id\":\"https:\\\/\\\/www.armandotesta.it\\\/it\\\/facebook-con-armando-testa-per-lannuncio-di-nuove-possibilita-adv-nel-settore-farmaceutico\\\/#breadcrumb\"},\"inLanguage\":\"it-IT\",\"potentialAction\":[{\"@type\":\"ReadAction\",\"target\":[\"https:\\\/\\\/www.armandotesta.it\\\/it\\\/facebook-con-armando-testa-per-lannuncio-di-nuove-possibilita-adv-nel-settore-farmaceutico\\\/\"]}]},{\"@type\":\"ImageObject\",\"inLanguage\":\"it-IT\",\"@id\":\"https:\\\/\\\/www.armandotesta.it\\\/it\\\/facebook-con-armando-testa-per-lannuncio-di-nuove-possibilita-adv-nel-settore-farmaceutico\\\/#primaryimage\",\"url\":\"https:\\\/\\\/www.armandotesta.it\\\/wp-content\\\/uploads\\\/2024\\\/06\\\/291791-300x140_Facebook_Domination_AssagoNord6-bf015e-original-1539003851.jpg\",\"contentUrl\":\"https:\\\/\\\/www.armandotesta.it\\\/wp-content\\\/uploads\\\/2024\\\/06\\\/291791-300x140_Facebook_Domination_AssagoNord6-bf015e-original-1539003851.jpg\",\"width\":1220,\"height\":591},{\"@type\":\"BreadcrumbList\",\"@id\":\"https:\\\/\\\/www.armandotesta.it\\\/it\\\/facebook-con-armando-testa-per-lannuncio-di-nuove-possibilita-adv-nel-settore-farmaceutico\\\/#breadcrumb\",\"itemListElement\":[{\"@type\":\"ListItem\",\"position\":1,\"name\":\"Home\",\"item\":\"https:\\\/\\\/www.armandotesta.it\\\/it\\\/\"},{\"@type\":\"ListItem\",\"position\":2,\"name\":\"Facebook con Armando Testa per l\u2019annuncio di nuove possibilit\u00e0 adv nel settore farmaceutico\"}]},{\"@type\":\"WebSite\",\"@id\":\"https:\\\/\\\/www.armandotesta.it\\\/it\\\/#website\",\"url\":\"https:\\\/\\\/www.armandotesta.it\\\/it\\\/\",\"name\":\"Armando Testa\",\"description\":\"\",\"publisher\":{\"@id\":\"https:\\\/\\\/www.armandotesta.it\\\/it\\\/#organization\"},\"potentialAction\":[{\"@type\":\"SearchAction\",\"target\":{\"@type\":\"EntryPoint\",\"urlTemplate\":\"https:\\\/\\\/www.armandotesta.it\\\/it\\\/?s={search_term_string}\"},\"query-input\":{\"@type\":\"PropertyValueSpecification\",\"valueRequired\":true,\"valueName\":\"search_term_string\"}}],\"inLanguage\":\"it-IT\"},{\"@type\":\"Organization\",\"@id\":\"https:\\\/\\\/www.armandotesta.it\\\/it\\\/#organization\",\"name\":\"Armando Testa\",\"url\":\"https:\\\/\\\/www.armandotesta.it\\\/it\\\/\",\"logo\":{\"@type\":\"ImageObject\",\"inLanguage\":\"it-IT\",\"@id\":\"https:\\\/\\\/www.armandotesta.it\\\/it\\\/#\\\/schema\\\/logo\\\/image\\\/\",\"url\":\"https:\\\/\\\/www.armandotesta.it\\\/wp-content\\\/uploads\\\/2024\\\/01\\\/logo-at.png\",\"contentUrl\":\"https:\\\/\\\/www.armandotesta.it\\\/wp-content\\\/uploads\\\/2024\\\/01\\\/logo-at.png\",\"width\":200,\"height\":200,\"caption\":\"Armando Testa\"},\"image\":{\"@id\":\"https:\\\/\\\/www.armandotesta.it\\\/it\\\/#\\\/schema\\\/logo\\\/image\\\/\"}},{\"@type\":\"Person\",\"@id\":\"https:\\\/\\\/www.armandotesta.it\\\/it\\\/#\\\/schema\\\/person\\\/46d1d2d167e5f7b857761f0d5183a848\",\"name\":\"admAT\",\"image\":{\"@type\":\"ImageObject\",\"inLanguage\":\"it-IT\",\"@id\":\"https:\\\/\\\/secure.gravatar.com\\\/avatar\\\/9772e708d87105ee06ea2e627102fade92688c33bb2e0083a7a18b56280f7239?s=96&d=mm&r=g\",\"url\":\"https:\\\/\\\/secure.gravatar.com\\\/avatar\\\/9772e708d87105ee06ea2e627102fade92688c33bb2e0083a7a18b56280f7239?s=96&d=mm&r=g\",\"contentUrl\":\"https:\\\/\\\/secure.gravatar.com\\\/avatar\\\/9772e708d87105ee06ea2e627102fade92688c33bb2e0083a7a18b56280f7239?s=96&d=mm&r=g\",\"caption\":\"admAT\"},\"sameAs\":[\"https:\\\/\\\/www.armandotesta.it\"],\"url\":\"https:\\\/\\\/www.armandotesta.it\\\/it\\\/author\\\/admat\\\/\"}]}<\/script>\n<!-- \/ Yoast SEO plugin. -->","yoast_head_json":{"title":"Facebook con Armando Testa per l\u2019annuncio di nuove possibilit\u00e0 adv nel settore farmaceutico - Armando Testa","robots":{"index":"index","follow":"follow","max-snippet":"max-snippet:-1","max-image-preview":"max-image-preview:large","max-video-preview":"max-video-preview:-1"},"canonical":"https:\/\/www.armandotesta.it\/it\/facebook-con-armando-testa-per-lannuncio-di-nuove-possibilita-adv-nel-settore-farmaceutico\/","og_locale":"it_IT","og_type":"article","og_title":"Facebook con Armando Testa per l\u2019annuncio di nuove possibilit\u00e0 adv nel settore farmaceutico - Armando Testa","og_description":"Per l\u2019annuncio di questo importante cambiamento di scenario, Facebook Italia ha scelto l\u2019agenzia creativa Armando Testa che ha ideato e sviluppato una campagna multicanale.","og_url":"https:\/\/www.armandotesta.it\/it\/facebook-con-armando-testa-per-lannuncio-di-nuove-possibilita-adv-nel-settore-farmaceutico\/","og_site_name":"Armando Testa","article_published_time":"2018-10-04T08:00:00+00:00","article_modified_time":"2024-06-04T13:37:39+00:00","og_image":[{"width":1220,"height":591,"url":"https:\/\/www.armandotesta.it\/wp-content\/uploads\/2024\/06\/291791-300x140_Facebook_Domination_AssagoNord6-bf015e-original-1539003851.jpg","type":"image\/jpeg"}],"author":"admAT","twitter_card":"summary_large_image","twitter_misc":{"Scritto da":"admAT","Tempo di lettura stimato":"2 minuti"},"schema":{"@context":"https:\/\/schema.org","@graph":[{"@type":"Article","@id":"https:\/\/www.armandotesta.it\/it\/facebook-con-armando-testa-per-lannuncio-di-nuove-possibilita-adv-nel-settore-farmaceutico\/#article","isPartOf":{"@id":"https:\/\/www.armandotesta.it\/it\/facebook-con-armando-testa-per-lannuncio-di-nuove-possibilita-adv-nel-settore-farmaceutico\/"},"author":{"name":"admAT","@id":"https:\/\/www.armandotesta.it\/it\/#\/schema\/person\/46d1d2d167e5f7b857761f0d5183a848"},"headline":"Facebook con Armando Testa per l\u2019annuncio di nuove possibilit\u00e0 adv nel settore farmaceutico","datePublished":"2018-10-04T08:00:00+00:00","dateModified":"2024-06-04T13:37:39+00:00","mainEntityOfPage":{"@id":"https:\/\/www.armandotesta.it\/it\/facebook-con-armando-testa-per-lannuncio-di-nuove-possibilita-adv-nel-settore-farmaceutico\/"},"wordCount":323,"publisher":{"@id":"https:\/\/www.armandotesta.it\/it\/#organization"},"image":{"@id":"https:\/\/www.armandotesta.it\/it\/facebook-con-armando-testa-per-lannuncio-di-nuove-possibilita-adv-nel-settore-farmaceutico\/#primaryimage"},"thumbnailUrl":"https:\/\/www.armandotesta.it\/wp-content\/uploads\/2024\/06\/291791-300x140_Facebook_Domination_AssagoNord6-bf015e-original-1539003851.jpg","inLanguage":"it-IT"},{"@type":"WebPage","@id":"https:\/\/www.armandotesta.it\/it\/facebook-con-armando-testa-per-lannuncio-di-nuove-possibilita-adv-nel-settore-farmaceutico\/","url":"https:\/\/www.armandotesta.it\/it\/facebook-con-armando-testa-per-lannuncio-di-nuove-possibilita-adv-nel-settore-farmaceutico\/","name":"Facebook con Armando Testa per l\u2019annuncio di nuove possibilit\u00e0 adv nel settore farmaceutico - Armando Testa","isPartOf":{"@id":"https:\/\/www.armandotesta.it\/it\/#website"},"primaryImageOfPage":{"@id":"https:\/\/www.armandotesta.it\/it\/facebook-con-armando-testa-per-lannuncio-di-nuove-possibilita-adv-nel-settore-farmaceutico\/#primaryimage"},"image":{"@id":"https:\/\/www.armandotesta.it\/it\/facebook-con-armando-testa-per-lannuncio-di-nuove-possibilita-adv-nel-settore-farmaceutico\/#primaryimage"},"thumbnailUrl":"https:\/\/www.armandotesta.it\/wp-content\/uploads\/2024\/06\/291791-300x140_Facebook_Domination_AssagoNord6-bf015e-original-1539003851.jpg","datePublished":"2018-10-04T08:00:00+00:00","dateModified":"2024-06-04T13:37:39+00:00","breadcrumb":{"@id":"https:\/\/www.armandotesta.it\/it\/facebook-con-armando-testa-per-lannuncio-di-nuove-possibilita-adv-nel-settore-farmaceutico\/#breadcrumb"},"inLanguage":"it-IT","potentialAction":[{"@type":"ReadAction","target":["https:\/\/www.armandotesta.it\/it\/facebook-con-armando-testa-per-lannuncio-di-nuove-possibilita-adv-nel-settore-farmaceutico\/"]}]},{"@type":"ImageObject","inLanguage":"it-IT","@id":"https:\/\/www.armandotesta.it\/it\/facebook-con-armando-testa-per-lannuncio-di-nuove-possibilita-adv-nel-settore-farmaceutico\/#primaryimage","url":"https:\/\/www.armandotesta.it\/wp-content\/uploads\/2024\/06\/291791-300x140_Facebook_Domination_AssagoNord6-bf015e-original-1539003851.jpg","contentUrl":"https:\/\/www.armandotesta.it\/wp-content\/uploads\/2024\/06\/291791-300x140_Facebook_Domination_AssagoNord6-bf015e-original-1539003851.jpg","width":1220,"height":591},{"@type":"BreadcrumbList","@id":"https:\/\/www.armandotesta.it\/it\/facebook-con-armando-testa-per-lannuncio-di-nuove-possibilita-adv-nel-settore-farmaceutico\/#breadcrumb","itemListElement":[{"@type":"ListItem","position":1,"name":"Home","item":"https:\/\/www.armandotesta.it\/it\/"},{"@type":"ListItem","position":2,"name":"Facebook con Armando Testa per l\u2019annuncio di nuove possibilit\u00e0 adv nel settore farmaceutico"}]},{"@type":"WebSite","@id":"https:\/\/www.armandotesta.it\/it\/#website","url":"https:\/\/www.armandotesta.it\/it\/","name":"Armando Testa","description":"","publisher":{"@id":"https:\/\/www.armandotesta.it\/it\/#organization"},"potentialAction":[{"@type":"SearchAction","target":{"@type":"EntryPoint","urlTemplate":"https:\/\/www.armandotesta.it\/it\/?s={search_term_string}"},"query-input":{"@type":"PropertyValueSpecification","valueRequired":true,"valueName":"search_term_string"}}],"inLanguage":"it-IT"},{"@type":"Organization","@id":"https:\/\/www.armandotesta.it\/it\/#organization","name":"Armando Testa","url":"https:\/\/www.armandotesta.it\/it\/","logo":{"@type":"ImageObject","inLanguage":"it-IT","@id":"https:\/\/www.armandotesta.it\/it\/#\/schema\/logo\/image\/","url":"https:\/\/www.armandotesta.it\/wp-content\/uploads\/2024\/01\/logo-at.png","contentUrl":"https:\/\/www.armandotesta.it\/wp-content\/uploads\/2024\/01\/logo-at.png","width":200,"height":200,"caption":"Armando Testa"},"image":{"@id":"https:\/\/www.armandotesta.it\/it\/#\/schema\/logo\/image\/"}},{"@type":"Person","@id":"https:\/\/www.armandotesta.it\/it\/#\/schema\/person\/46d1d2d167e5f7b857761f0d5183a848","name":"admAT","image":{"@type":"ImageObject","inLanguage":"it-IT","@id":"https:\/\/secure.gravatar.com\/avatar\/9772e708d87105ee06ea2e627102fade92688c33bb2e0083a7a18b56280f7239?s=96&d=mm&r=g","url":"https:\/\/secure.gravatar.com\/avatar\/9772e708d87105ee06ea2e627102fade92688c33bb2e0083a7a18b56280f7239?s=96&d=mm&r=g","contentUrl":"https:\/\/secure.gravatar.com\/avatar\/9772e708d87105ee06ea2e627102fade92688c33bb2e0083a7a18b56280f7239?s=96&d=mm&r=g","caption":"admAT"},"sameAs":["https:\/\/www.armandotesta.it"],"url":"https:\/\/www.armandotesta.it\/it\/author\/admat\/"}]}},"_links":{"self":[{"href":"https:\/\/www.armandotesta.it\/it\/wp-json\/wp\/v2\/posts\/23353","targetHints":{"allow":["GET"]}}],"collection":[{"href":"https:\/\/www.armandotesta.it\/it\/wp-json\/wp\/v2\/posts"}],"about":[{"href":"https:\/\/www.armandotesta.it\/it\/wp-json\/wp\/v2\/types\/post"}],"author":[{"embeddable":true,"href":"https:\/\/www.armandotesta.it\/it\/wp-json\/wp\/v2\/users\/1"}],"replies":[{"embeddable":true,"href":"https:\/\/www.armandotesta.it\/it\/wp-json\/wp\/v2\/comments?post=23353"}],"version-history":[{"count":1,"href":"https:\/\/www.armandotesta.it\/it\/wp-json\/wp\/v2\/posts\/23353\/revisions"}],"predecessor-version":[{"id":24936,"href":"https:\/\/www.armandotesta.it\/it\/wp-json\/wp\/v2\/posts\/23353\/revisions\/24936"}],"wp:featuredmedia":[{"embeddable":true,"href":"https:\/\/www.armandotesta.it\/it\/wp-json\/wp\/v2\/media\/19459"}],"wp:attachment":[{"href":"https:\/\/www.armandotesta.it\/it\/wp-json\/wp\/v2\/media?parent=23353"}],"wp:term":[{"taxonomy":"category","embeddable":true,"href":"https:\/\/www.armandotesta.it\/it\/wp-json\/wp\/v2\/categories?post=23353"},{"taxonomy":"post_tag","embeddable":true,"href":"https:\/\/www.armandotesta.it\/it\/wp-json\/wp\/v2\/tags?post=23353"}],"curies":[{"name":"wp","href":"https:\/\/api.w.org\/{rel}","templated":true}]}}